{"id":224608,"date":"2012-09-08T13:19:06","date_gmt":"2012-09-08T11:19:06","guid":{"rendered":"http:\/\/www.ivg.it\/?p=224608"},"modified":"2012-09-08T13:19:06","modified_gmt":"2012-09-08T11:19:06","slug":"pesca-alla-trota-domani-mattina-a-zuccarello-il-trofeo-sampei","status":"publish","type":"post","link":"https:\/\/staging.ivg.it\/2012\/09\/pesca-alla-trota-domani-mattina-a-zuccarello-il-trofeo-sampei\/","title":{"rendered":"Pesca alla trota, domani mattina a Zuccarello il &#8220;Trofeo Sampei&#8221;"},"content":{"rendered":"<p><strong>Zuccarello<\/strong>. Anche quest&#8217;anno la Spsd Amici di Sampei, in collaborazione con il Comune di Zuccarello e la Fipsas, organizza il &#8220;Trofeo Sampei&#8221;.<\/p>\n<p>Giunto alla sua 7\u00aa edizione, si tratta di una gara promozionale di pesca alla trota rivolta a bambini e ragazzi\u00a0al di sotto dei\u00a016 anni di et\u00e0, anche sprovvisti di licenza di pesca, che verr\u00e0 rilasciata, collettiva, dalla provincia di Savona per la sola giornata di gara.<\/p>\n<p>La competizione avr\u00e0 luogo domani, domenica 9 settembre, dalle 9 alle 11 nel tratto di torrente Neva che attraversa il centro storico di Zuccarello. Nel tratto in questione verranno immessi 125 kg di trote dai 300 grammi ai 2 kg.<\/p>\n<p>Le iscrizioni si accettano la domenica dalle ore 8 presso il ponte romano. Sono previste quattro classifiche, nelle quali i pescatori saranno divisi per sesso ed et\u00e0, ossia fino ad 11 anni e dagli 11 ai 15 anni.<\/p>\n<p>Il trofeo ed il caratteristico cappello di paglia di Sampei verranno vinti da chi riuscir\u00e0 a pescare la trota pi\u00f9 grossa. Al termine della premiazione, prevista per le ore 12, ci sar\u00e0 la consueta grigliata del pescatore.<\/p>\n","protected":false},"excerpt":{"rendered":"<p>Zuccarello. Anche quest&#8217;anno la Spsd Amici di Sampei, in collaborazione con il Comune di Zuccarello e la Fipsas, organizza il &#8220;Trofeo Sampei&#8221;. Giunto alla sua 7\u00aa edizione, si tratta di una gara promozionale di pesca alla trota rivolta a bambini e ragazzi\u00a0al di sotto dei\u00a016 anni di et\u00e0, anche sprovvisti di licenza di pesca, che [&hellip;]<\/p>\n","protected":false},"author":13744,"featured_media":0,"comment_status":"open","ping_status":"closed","sticky":false,"template":"","format":"standard","meta":{"footnotes":""},"categories":[],"tags":[510],"class_list":["post-224608","post","type-post","status-publish","format-standard","hentry","tag-pesca","post_cat_citta-zuccarello"],"amp_validity":null,"amp_enabled":true,"_links":{"self":[{"href":"https:\/\/staging.ivg.it\/ediapi\/wp\/v2\/posts\/224608","targetHints":{"allow":["GET"]}}],"collection":[{"href":"https:\/\/staging.ivg.it\/ediapi\/wp\/v2\/posts"}],"about":[{"href":"https:\/\/staging.ivg.it\/ediapi\/wp\/v2\/types\/post"}],"author":[{"embeddable":true,"href":"https:\/\/staging.ivg.it\/ediapi\/wp\/v2\/users\/13744"}],"replies":[{"embeddable":true,"href":"https:\/\/staging.ivg.it\/ediapi\/wp\/v2\/comments?post=224608"}],"version-history":[{"count":0,"href":"https:\/\/staging.ivg.it\/ediapi\/wp\/v2\/posts\/224608\/revisions"}],"wp:attachment":[{"href":"https:\/\/staging.ivg.it\/ediapi\/wp\/v2\/media?parent=224608"}],"wp:term":[{"taxonomy":"category","embeddable":true,"href":"https:\/\/staging.ivg.it\/ediapi\/wp\/v2\/categories?post=224608"},{"taxonomy":"post_tag","embeddable":true,"href":"https:\/\/staging.ivg.it\/ediapi\/wp\/v2\/tags?post=224608"}],"curies":[{"name":"wp","href":"https:\/\/api.w.org\/{rel}","templated":true}]}}