{"id":224605,"date":"2012-09-08T12:33:16","date_gmt":"2012-09-08T10:33:16","guid":{"rendered":"http:\/\/www.ivg.it\/?p=224605"},"modified":"2012-09-08T12:33:16","modified_gmt":"2012-09-08T10:33:16","slug":"albisola-un-viaggio-in-territorio-indiano-ai-venerdi-della-biblioteca","status":"publish","type":"post","link":"https:\/\/staging.ivg.it\/2012\/09\/albisola-un-viaggio-in-territorio-indiano-ai-venerdi-della-biblioteca\/","title":{"rendered":"Albisola, &#8220;Un viaggio in territorio indiano&#8221; ai &#8220;Venerd\u00ec della biblioteca&#8221;"},"content":{"rendered":"<p><strong>Albisola S.<\/strong> Nell&#8217;ambito della rassegna &#8220;I Venerd\u00ec della Biblioteca&#8221;, il 14 settembre, alle 18, nella Biblioteca Civica di corso Ferrari ad Albisola Superiore sar\u00e0 presentato &#8220;Un viaggio in territorio indiano&#8221;, canti e stonature, omaggio alla civilt\u00e0 dei Nativi Americani a cura di Mabi Col. Relatrice della presentazione sar\u00e0 Naila Clerici. Per informazioni 019\/484615 \u2013 019\/482295-226- 214, l&#8217;ingresso \u00e8 libero.<\/p>\n","protected":false},"excerpt":{"rendered":"<p>Albisola S. Nell&#8217;ambito della rassegna &#8220;I Venerd\u00ec della Biblioteca&#8221;, il 14 settembre, alle 18, nella Biblioteca Civica di corso Ferrari ad Albisola Superiore sar\u00e0 presentato &#8220;Un viaggio in territorio indiano&#8221;, canti e stonature, omaggio alla civilt\u00e0 dei Nativi Americani a cura di Mabi Col. Relatrice della presentazione sar\u00e0 Naila Clerici. Per informazioni 019\/484615 \u2013 019\/482295-226- [&hellip;]<\/p>\n","protected":false},"author":13744,"featured_media":0,"comment_status":"open","ping_status":"closed","sticky":false,"template":"","format":"standard","meta":{"footnotes":""},"categories":[],"tags":[432,288],"class_list":["post-224605","post","type-post","status-publish","format-standard","hentry","tag-albisola","tag-biblioteca","post_cat_citta-albisola-superiore"],"amp_validity":null,"amp_enabled":true,"_links":{"self":[{"href":"https:\/\/staging.ivg.it\/ediapi\/wp\/v2\/posts\/224605","targetHints":{"allow":["GET"]}}],"collection":[{"href":"https:\/\/staging.ivg.it\/ediapi\/wp\/v2\/posts"}],"about":[{"href":"https:\/\/staging.ivg.it\/ediapi\/wp\/v2\/types\/post"}],"author":[{"embeddable":true,"href":"https:\/\/staging.ivg.it\/ediapi\/wp\/v2\/users\/13744"}],"replies":[{"embeddable":true,"href":"https:\/\/staging.ivg.it\/ediapi\/wp\/v2\/comments?post=224605"}],"version-history":[{"count":0,"href":"https:\/\/staging.ivg.it\/ediapi\/wp\/v2\/posts\/224605\/revisions"}],"wp:attachment":[{"href":"https:\/\/staging.ivg.it\/ediapi\/wp\/v2\/media?parent=224605"}],"wp:term":[{"taxonomy":"category","embeddable":true,"href":"https:\/\/staging.ivg.it\/ediapi\/wp\/v2\/categories?post=224605"},{"taxonomy":"post_tag","embeddable":true,"href":"https:\/\/staging.ivg.it\/ediapi\/wp\/v2\/tags?post=224605"}],"curies":[{"name":"wp","href":"https:\/\/api.w.org\/{rel}","templated":true}]}}