{"id":224470,"date":"2012-09-06T17:56:43","date_gmt":"2012-09-06T15:56:43","guid":{"rendered":"http:\/\/www.ivg.it\/?p=224470"},"modified":"2012-09-07T11:25:42","modified_gmt":"2012-09-07T09:25:42","slug":"tabaccai-protesta-contro-commissione-europea-bruxelles","status":"publish","type":"post","link":"https:\/\/staging.ivg.it\/2012\/09\/tabaccai-protesta-contro-commissione-europea-bruxelles\/","title":{"rendered":"Tabaccai contro le sigarette-shock: anche nel Savonese la mobilitazione anti-Bruxelles"},"content":{"rendered":"<p><strong>Savona<\/strong>. Anche in provincia di Savona chi sia entrato in tabaccheria avr\u00e0 notato un grosso striscione coprire l&#8217;espositore delle sigarette e manifesti con il &#8220;no&#8221; alle misure anti-tabagismo che la Commissione Europea si appresta a varare. Le rivendite della Fit hanno aderito alla forma di protesta nel comprensorio provinciale.<\/p>\n<p>La Direzione Generale Salute europea ha proposto una modifica legislativa per introdurre: il divieto di esposizione dei prodotti da fumo, il pacchetto generico senza marchio e logo, l&#8217;introduzione di immagini shock sulla confezione, nonch\u00e9 il divieto di utilizzo degli ingredienti nei prodotti con conseguente omogeneit\u00e0 di gusto per tutte le sigarette.<\/p>\n<p>E&#8217; quindi scattata la mobilitazione delle federazione di categoria. &#8220;La logica di queste nuove ipotesi normative non c&#8217;\u00e8 perch\u00e9, l\u00e0 dove sono stati applicati provvedimenti simili, non si sono riscontrati risultati positivi &#8211; commenta uno dei tabaccai aderenti in provincia, Claudio Cavallera &#8211; La stessa Fit ha constatato, analizzando, che questo genere di costrizioni non hanno l&#8217;esito sperato e, anzi, vanno ad alimentare il mercato del contrabbando&#8221;.<\/p>\n<p>&#8220;Cos\u00ec la Commissione Europea ci criminalizza e penalizza il nostro lavoro basato sulla vendita di un prodotto legale &#8211; aggiunge &#8211; Per ora abbiamo appeso manifestiti e affissono striscioni nei nostri esercizi; \u00e8 una protesta soft. Ma ne seguiranno altre. Gli stessi clienti oggi sono rimasti colpiti da questa iniziativa, informandosi sulle ragioni, visto che a questo tema sinora non \u00e8 stato dato risalto mediatico&#8221;.<\/p>\n<p>La Fit savonese, sul modello nazionale, alza quindi la voce contro le azioni di Bruxelles. &#8220;Dopo la grande prova di compattezza data in occasione della Consultazione Pubblica nell\u2019autunno 2010, \u00e8 arrivato il momento di mobilitarsi per difendere il nostro lavoro e la nostra redditivit\u00e0 a fronte di proposte sconsiderate e demagogiche che rischiano di spalancare le porte al mercato illegale e di portare sul lastrico la nostra categoria. Nei Paesi in cui alcune di tali misure sono state adottate il calo delle vendite legali a favore delle illegali \u00e8 stato drammatico mentre gli effetti sulla salute sono ancora da provare&#8221; affermano dal sindacato di categoria.<\/p>\n<p>Secondo la linea della Commissione Europea, il tabaccaio sarebbe obbligato a nascondere i pacchetti dietro ad una serrando o ad un armadio. Il pacchetto diventerebbe generico, senca marchi, rendendo tutti i prodotti indifferenziati. Altro aspetto \u00e8 legato al gusto: per Bruxelles, infatti, tutte le sigarette avrebbero ingredienti omogenei e non risulterebbero pi\u00f9 differenti. E&#8217; inoltre prevista l&#8217;introduzione di immagini shock ricoprenti quasi l\u2019intera superficie della confezione, altro punto fortemente contestato dai tabaccai.<\/p>\n","protected":false},"excerpt":{"rendered":"<p>Savona. Anche in provincia di Savona chi sia entrato in tabaccheria avr\u00e0 notato un grosso striscione coprire l&#8217;espositore delle sigarette e manifesti con il &#8220;no&#8221; alle misure anti-tabagismo che la Commissione Europea si appresta a varare. Le rivendite della Fit hanno aderito alla forma di protesta nel comprensorio provinciale. La Direzione Generale Salute europea ha [&hellip;]<\/p>\n","protected":false},"author":13744,"featured_media":0,"comment_status":"open","ping_status":"closed","sticky":false,"template":"","format":"standard","meta":{"footnotes":""},"categories":[35],"tags":[1072,20697,5848,1968],"class_list":["post-224470","post","type-post","status-publish","format-standard","hentry","category-economia","tag-commercio","tag-fit","tag-fumo","tag-sigarette","post_cat_citta-andora"],"amp_validity":null,"amp_enabled":true,"_links":{"self":[{"href":"https:\/\/staging.ivg.it\/ediapi\/wp\/v2\/posts\/224470","targetHints":{"allow":["GET"]}}],"collection":[{"href":"https:\/\/staging.ivg.it\/ediapi\/wp\/v2\/posts"}],"about":[{"href":"https:\/\/staging.ivg.it\/ediapi\/wp\/v2\/types\/post"}],"author":[{"embeddable":true,"href":"https:\/\/staging.ivg.it\/ediapi\/wp\/v2\/users\/13744"}],"replies":[{"embeddable":true,"href":"https:\/\/staging.ivg.it\/ediapi\/wp\/v2\/comments?post=224470"}],"version-history":[{"count":0,"href":"https:\/\/staging.ivg.it\/ediapi\/wp\/v2\/posts\/224470\/revisions"}],"wp:attachment":[{"href":"https:\/\/staging.ivg.it\/ediapi\/wp\/v2\/media?parent=224470"}],"wp:term":[{"taxonomy":"category","embeddable":true,"href":"https:\/\/staging.ivg.it\/ediapi\/wp\/v2\/categories?post=224470"},{"taxonomy":"post_tag","embeddable":true,"href":"https:\/\/staging.ivg.it\/ediapi\/wp\/v2\/tags?post=224470"}],"curies":[{"name":"wp","href":"https:\/\/api.w.org\/{rel}","templated":true}]}}