{"id":223941,"date":"2012-08-30T14:06:49","date_gmt":"2012-08-30T12:06:49","guid":{"rendered":"http:\/\/www.ivg.it\/?p=223941"},"modified":"2012-08-30T14:06:49","modified_gmt":"2012-08-30T12:06:49","slug":"albenga-musicalea-estate-concerti-nella-nella-chiesa-di-san-giacomo-maggiore","status":"publish","type":"post","link":"https:\/\/staging.ivg.it\/2012\/08\/albenga-musicalea-estate-concerti-nella-nella-chiesa-di-san-giacomo-maggiore\/","title":{"rendered":"Albenga, &#8220;Musicalea Estate&#8221;: concerti nella nella chiesa di San Giacomo Maggiore"},"content":{"rendered":"<p><strong>Albenga<\/strong>. The Riviera Music Academy T.R.A.M.A., in collaborazione con la Comunit\u00e0 e la Parrocchia di Salea d\u2019Albenga, e con il patrocinio del Comune di Albenga, presenta &#8220;Musicalea Estate 2012&#8221; dal 4 al 7 settembre, ore 21, nella chiesa di San Giacomo Maggiore. <\/p>\n<p>Una iniziativa originale ed insolita  per far conoscere ed apprezzare la stupenda chiesa di Salea d&#8217;Albenga ed il suo sagrato, meravigliose location teatro di questa iniziativa, che si pu\u00f2 considerare come la naturale prosecuzione di Sagralea e come preziosa anticipazione della  gi\u00e0 consolidata rassegna \u201cSacrAutunno \u2013 musica sacra nelle chiese delle frazioni\u201d.<\/p>\n<p>La splendida chiesa di Salea d\u2019Albenga si apre alla suggestione della musica, mentre il suo sagrato si trasforma in palcoscenico della convivialit\u00e0: dopo i concerti, il raffinato buffet preparato dal catering &#8220;le more&#8221; di Cinzia e Tiziana creer\u00e0 l&#8217;occasione specialissima per godere, tutti insieme, della bellezza del luogo e della bont\u00e0 dei suoi prodotti e vini. L\u2019ingresso ai concerti ed al successivo buffet \u00e8 libero e gratuito.<\/p>\n","protected":false},"excerpt":{"rendered":"<p>Albenga. The Riviera Music Academy T.R.A.M.A., in collaborazione con la Comunit\u00e0 e la Parrocchia di Salea d\u2019Albenga, e con il patrocinio del Comune di Albenga, presenta &#8220;Musicalea Estate 2012&#8221; dal 4 al 7 settembre, ore 21, nella chiesa di San Giacomo Maggiore. Una iniziativa originale ed insolita per far conoscere ed apprezzare la stupenda chiesa [&hellip;]<\/p>\n","protected":false},"author":13744,"featured_media":0,"comment_status":"open","ping_status":"closed","sticky":false,"template":"","format":"standard","meta":{"footnotes":""},"categories":[],"tags":[85841,826,239],"class_list":["post-223941","post","type-post","status-publish","format-standard","hentry","tag-albenga","tag-musica","tag-salea","post_cat_citta-albenga"],"amp_validity":null,"amp_enabled":true,"_links":{"self":[{"href":"https:\/\/staging.ivg.it\/ediapi\/wp\/v2\/posts\/223941","targetHints":{"allow":["GET"]}}],"collection":[{"href":"https:\/\/staging.ivg.it\/ediapi\/wp\/v2\/posts"}],"about":[{"href":"https:\/\/staging.ivg.it\/ediapi\/wp\/v2\/types\/post"}],"author":[{"embeddable":true,"href":"https:\/\/staging.ivg.it\/ediapi\/wp\/v2\/users\/13744"}],"replies":[{"embeddable":true,"href":"https:\/\/staging.ivg.it\/ediapi\/wp\/v2\/comments?post=223941"}],"version-history":[{"count":0,"href":"https:\/\/staging.ivg.it\/ediapi\/wp\/v2\/posts\/223941\/revisions"}],"wp:attachment":[{"href":"https:\/\/staging.ivg.it\/ediapi\/wp\/v2\/media?parent=223941"}],"wp:term":[{"taxonomy":"category","embeddable":true,"href":"https:\/\/staging.ivg.it\/ediapi\/wp\/v2\/categories?post=223941"},{"taxonomy":"post_tag","embeddable":true,"href":"https:\/\/staging.ivg.it\/ediapi\/wp\/v2\/tags?post=223941"}],"curies":[{"name":"wp","href":"https:\/\/api.w.org\/{rel}","templated":true}]}}