{"id":223886,"date":"2012-08-29T13:58:59","date_gmt":"2012-08-29T11:58:59","guid":{"rendered":"http:\/\/www.ivg.it\/?p=223886"},"modified":"2012-09-01T17:10:59","modified_gmt":"2012-09-01T15:10:59","slug":"caldo-estivo-sino-a-giovedi-poi-per-meteo-it-arrivera-poppea","status":"publish","type":"post","link":"https:\/\/staging.ivg.it\/2012\/08\/caldo-estivo-sino-a-giovedi-poi-per-meteo-it-arrivera-poppea\/","title":{"rendered":"Caldo estivo sino a gioved\u00ec, poi per Meteo.it arriver\u00e0 &#8220;Poppea&#8221;"},"content":{"rendered":"<p>Ultime ore d&#8217;estate, e ancora una giornata di afa, domani gioved\u00ec. Ma da venerd\u00ec giunger\u00e0 Poppea, una prima perturbazione a carattere autunnale con piogge e temporali che colpir\u00e0 il centronord fino alla Campania, mentre soffier\u00e0 il maestrale in Sardegna. Sono le previsioni fornite da Antonio San\u00f2, direttore del portale www.ilmeteo.it, secondo il quale resta &#8220;alta l&#8217;allerta per fenomeni intensi e con grandine dapprima sulla Liguria, Lombardia, sull&#8217; Emilia, poi sulla Toscana e nella tarda mattinata di venerd\u00ec verso l&#8217;Umbria e sul Triveneto, dove piover\u00e0 fino a sera&#8221;.<\/p>\n<p>Al Sud far\u00e0 ancora caldo, ma l&#8217;aria fresca nord-atlantica raggiunger\u00e0 dalla sera la Campania e punter\u00e0 verso la Sicilia. Sulla Sardegna dopo il maestrale arriveranno delle piogge, sia sul Nuorese che verso sera sul Sassarese. Nel fine settimana, annuncia ancora San\u00f2, Poppea rimarr\u00e0 sul Mediterraneo ed aria fresca dal mar del Nord scender\u00e0 verso l&#8217;Italia con un calo delle temperature. &#8220;Che subiranno un vero e proprio tracollo, specie al Centronord. Si perderanno fino a 15\u00b0 in sole 48 ore&#8221; avverte il direttore di 3bmeteo.com Sergio Brivio, che precisa qualche valore: Milano 22, Venezia 21, Firenze 23, Bologna 20, Roma 26, Napoli 26&#8243;.<\/p>\n<p>&#8220;In sostanza, conclude Brivio di 3bmeteo.com, &#8220;si former\u00e0 il primo ciclone mediterraneo della stagione autunnale. Normalmente questo tipo di configurazione si verifica durante il mese di Settembre: siamo dunque un po&#8217; in anticipo sulla tabella di marcia. Questo non significa che l&#8217;estate sia finita: dalla met\u00e0 della prossima settimana avremo gradualmente il passaggio a tempo pi\u00f9 soleggiato&#8221;. Il mese di settembre si preannuncia altalenante con periodi piovosi alternati a fase di pi\u00f9 calde.<\/p>\n","protected":false},"excerpt":{"rendered":"<p>Ultime ore d&#8217;estate, e ancora una giornata di afa, domani gioved\u00ec. Ma da venerd\u00ec giunger\u00e0 Poppea, una prima perturbazione a carattere autunnale con piogge e temporali che colpir\u00e0 il centronord fino alla Campania, mentre soffier\u00e0 il maestrale in Sardegna. Sono le previsioni fornite da Antonio San\u00f2, direttore del portale www.ilmeteo.it, secondo il quale resta &#8220;alta [&hellip;]<\/p>\n","protected":false},"author":13744,"featured_media":0,"comment_status":"open","ping_status":"closed","sticky":false,"template":"","format":"standard","meta":{"footnotes":""},"categories":[56],"tags":[10315,6793,652,653],"class_list":["post-223886","post","type-post","status-publish","format-standard","hentry","category-altre","tag-caldo","tag-estate","tag-meteo","tag-previsioni","post_cat_citta-andora"],"amp_validity":null,"amp_enabled":true,"_links":{"self":[{"href":"https:\/\/staging.ivg.it\/ediapi\/wp\/v2\/posts\/223886","targetHints":{"allow":["GET"]}}],"collection":[{"href":"https:\/\/staging.ivg.it\/ediapi\/wp\/v2\/posts"}],"about":[{"href":"https:\/\/staging.ivg.it\/ediapi\/wp\/v2\/types\/post"}],"author":[{"embeddable":true,"href":"https:\/\/staging.ivg.it\/ediapi\/wp\/v2\/users\/13744"}],"replies":[{"embeddable":true,"href":"https:\/\/staging.ivg.it\/ediapi\/wp\/v2\/comments?post=223886"}],"version-history":[{"count":0,"href":"https:\/\/staging.ivg.it\/ediapi\/wp\/v2\/posts\/223886\/revisions"}],"wp:attachment":[{"href":"https:\/\/staging.ivg.it\/ediapi\/wp\/v2\/media?parent=223886"}],"wp:term":[{"taxonomy":"category","embeddable":true,"href":"https:\/\/staging.ivg.it\/ediapi\/wp\/v2\/categories?post=223886"},{"taxonomy":"post_tag","embeddable":true,"href":"https:\/\/staging.ivg.it\/ediapi\/wp\/v2\/tags?post=223886"}],"curies":[{"name":"wp","href":"https:\/\/api.w.org\/{rel}","templated":true}]}}