{"id":223520,"date":"2012-08-22T16:41:12","date_gmt":"2012-08-22T14:41:12","guid":{"rendered":"http:\/\/www.ivg.it\/?p=223520"},"modified":"2012-08-22T17:15:10","modified_gmt":"2012-08-22T15:15:10","slug":"bombardier-venerdi-lincontro-istituzionale-con-rsu-e-sindacati","status":"publish","type":"post","link":"https:\/\/staging.ivg.it\/2012\/08\/bombardier-venerdi-lincontro-istituzionale-con-rsu-e-sindacati\/","title":{"rendered":"Bombardier, venerd\u00ec l&#8217;incontro istituzionale con Rsu e sindacati"},"content":{"rendered":"<p><strong>Vado Ligure.<\/strong> Venerd\u00ec 24 agosto, alle ore 11:00, l\u2019assessore regionale al lavoro Enrico Vesco incontrer\u00e0 la Rsu della Bombardier di Vado Ligure, presso la sede della rappresentanza sindacale adiacente all\u2019azienda, per valutare la difficile situazione a seguito della drastica diminuzione delle commesse. <\/p>\n<p>All&#8217;incontro istituzionale, richiesto dalle stesse organizzazioni sindacali, parteciper\u00e0 anche il presidente della Provincia di Savona Angelo Vaccarezza ed il sindaco di Vado Ligure Attilio Caviglia.<\/p>\n<p>Dopo la fine dei carichi di lavoro per la E464 \u00e8 arrivata cassa integrazione per 140 lavoratori, in attesa di sapere solo a settembre il destino della gara d\u2019appalto di Trenitalia per i nuovi locomotori a trazione distribuita, una commessa da 70 treni, con l\u2019opzione di altri 20, che potrebbe rimettere in moto a pieno regime la produzione nello stabilimento vadese.<\/p>\n<p>Resta forte la preoccupazione dei sindacati: &#8220;Con questa commessa &#8211; dice Patrizio Lai, della segreteria Uilm di Savona &#8211; ci giochiamo davvero tutto e confidiamo che anche gli esponenti politici e delle istituzioni che incontreremo venerd\u00ec prossimo se ne rendano conto. Ormai la fase di produzione delle macchine E 464 \u00e9 praticamente agli sgoccioli e serve un forte impegno della politica affinch\u00e9 questa partita la si possa portare a casa dando luogo a importanti ed inderogabili investimenti&#8221;.<\/p>\n","protected":false},"excerpt":{"rendered":"<p>Vado Ligure. Venerd\u00ec 24 agosto, alle ore 11:00, l\u2019assessore regionale al lavoro Enrico Vesco incontrer\u00e0 la Rsu della Bombardier di Vado Ligure, presso la sede della rappresentanza sindacale adiacente all\u2019azienda, per valutare la difficile situazione a seguito della drastica diminuzione delle commesse. All&#8217;incontro istituzionale, richiesto dalle stesse organizzazioni sindacali, parteciper\u00e0 anche il presidente della Provincia [&hellip;]<\/p>\n","protected":false},"author":13744,"featured_media":0,"comment_status":"open","ping_status":"closed","sticky":false,"template":"","format":"standard","meta":{"footnotes":""},"categories":[35],"tags":[10202,4078,907,261],"class_list":["post-223520","post","type-post","status-publish","format-standard","hentry","category-economia","tag-attilio-caviglia","tag-bombardier","tag-enrico-vesco","tag-vado","post_cat_citta-andora","post_cat_citta-vado-ligure"],"amp_validity":null,"amp_enabled":true,"_links":{"self":[{"href":"https:\/\/staging.ivg.it\/ediapi\/wp\/v2\/posts\/223520","targetHints":{"allow":["GET"]}}],"collection":[{"href":"https:\/\/staging.ivg.it\/ediapi\/wp\/v2\/posts"}],"about":[{"href":"https:\/\/staging.ivg.it\/ediapi\/wp\/v2\/types\/post"}],"author":[{"embeddable":true,"href":"https:\/\/staging.ivg.it\/ediapi\/wp\/v2\/users\/13744"}],"replies":[{"embeddable":true,"href":"https:\/\/staging.ivg.it\/ediapi\/wp\/v2\/comments?post=223520"}],"version-history":[{"count":0,"href":"https:\/\/staging.ivg.it\/ediapi\/wp\/v2\/posts\/223520\/revisions"}],"wp:attachment":[{"href":"https:\/\/staging.ivg.it\/ediapi\/wp\/v2\/media?parent=223520"}],"wp:term":[{"taxonomy":"category","embeddable":true,"href":"https:\/\/staging.ivg.it\/ediapi\/wp\/v2\/categories?post=223520"},{"taxonomy":"post_tag","embeddable":true,"href":"https:\/\/staging.ivg.it\/ediapi\/wp\/v2\/tags?post=223520"}],"curies":[{"name":"wp","href":"https:\/\/api.w.org\/{rel}","templated":true}]}}