{"id":223327,"date":"2012-08-18T16:14:53","date_gmt":"2012-08-18T14:14:53","guid":{"rendered":"http:\/\/www.ivg.it\/?p=223327"},"modified":"2012-08-19T15:38:29","modified_gmt":"2012-08-19T13:38:29","slug":"pallanuoto-matteo-aicardi-campioni-del-mondo-e-vice-campioni-olimpici-solo-savona-non-se-ne-accorta","status":"publish","type":"post","link":"https:\/\/staging.ivg.it\/2012\/08\/pallanuoto-matteo-aicardi-campioni-del-mondo-e-vice-campioni-olimpici-solo-savona-non-se-ne-accorta\/","title":{"rendered":"Pallanuoto, Matteo Aicardi: &#8220;Campioni del mondo e vice campioni olimpici: solo Savona non se n&#8217;\u00e8 accorta&#8221;"},"content":{"rendered":"<p><strong>Tovo San Giacomo<\/strong>. L&#8217;ugandese Stephen Kiprotich, vincitore della medaglia d&#8217;oro nella maratona di Londra, quando \u00e8 rientrato in patria ha ricevuto l&#8217;onore di un invito a colazione dal presidente dello stato africano. L&#8217;afgano Rohullah Nikpai, medaglia di bronzo nel taekwondo, ha trovato la sua Kabul vestita a festa, con tanto di sue gigantografie nelle piazze principali della citt\u00e0. Allo stesso modo, tanti altri atleti reduci dai successi di Londra sono stati accolti nei rispettivi Paesi come degli eroi.<\/p>\n<p>Nessuno dei medagliati italiani poteva certo pretendere simili onori anche perch\u00e9, seppure lo sport azzurro non stia attraversando un periodo di salute eccelsa, sono stati ben 63 gli atleti rientrati a casa con un alloro olimpico.<\/p>\n<p>Tuttavia, per la stragrande maggioranza degli azzurri vincitori di una medaglia, c&#8217;\u00e8 stato un riconoscimento da parte del proprio Comune che, a seconda dei casi, si \u00e8 manifestato con una festa in piazza, una cerimonia pubblica, un ricevimento ufficiale.<\/p>\n<p>Cos\u00ec non \u00e8 stato per i savonesi Alex Giorgetti e Giacomo Pastorino, a differenza degli altri liguri del Settebello, ossia Matteo Aicardi e Maurizio Felugo. Aicardi ha avuto la sua passerella d&#8217;onore ieri sera a Tovo San Giacomo; Felugo sar\u00e0 premiato questa sera a Chiavari. Niente pubblica acclamazione, invece, per i due atleti nati e cresciuti nella Rari Nantes Savona, sotto la Torretta.<\/p>\n<p>Ieri sera, terminati i festeggiamenti in suo onore, Aicardi ha sottolineato come la citt\u00e0 di Savona abbia sbagliato ad ignorare i suoi campioni. &#8220;Non capita tutti i giorni di avere al collo una medaglia d&#8217;oro dei Mondiali n\u00e9 una d&#8217;argento olimpica &#8211; ha detto Matteo -. Per questo sono meglio i paesi piccoli, pi\u00f9 caldi, dove sai chi \u00e8 il tuo vicino di casa e stai bene. I Comuni come Savona dovrebbero imparare tanto dai paesi piccoli come il nostro. Savona l&#8217;ho sempre definita un paese freddo: non per il clima, ma per la gente. Purtroppo lo si \u00e8 visto anche l&#8217;anno scorso. La Rari ha vinto la Coppa Len, siamo arrivati in piscina al rientro dalla trasferta e abbiamo trovato venti persone. Non dico che bisogna festeggiare Matteo Aicardi, ma la squadra s\u00ec perch\u00e9 rappresenta la citt\u00e0. Finch\u00e9 ci sar\u00e0 questa freddezza nei confronti degli atleti non si andr\u00e0 da nessuna parte&#8221;.<\/p>\n<p>E dire che, come racconta lo stesso Aicardi, lo scorso anno, subito dopo il successo iridato, il Comune di Savona li aveva contattati, comunicando loro l&#8217;idea di organizzare una festa in darsena. Il giorno prima della serata, per\u00f2, il Comune aveva informato i pallanuotisti medagliati che la festa era stata rinviata e sarebbero stati richiamati. Ma cos\u00ec non \u00e8 stato.<\/p>\n<p>Riguardo alla festa che il Comune di Tovo gli ha dedicato, Aicardi ha scherzato: &#8220;Se ogni anno portasse cos\u00ec fortuna, sarebbe bello farla ogni sei mesi questa festa! Mi ha dato una gran gioia &#8211; ha confessato il centroboa -, quand&#8217;ero a Londra, sapere che tutta questa gente mi guardava. Mi ha dato una grande forza. La tristezza per la sconfitta mi \u00e8 durata mezza serata. Quando siamo saliti sul podio ci siamo raccomandati tutti di fare dei gran sorrisi, perch\u00e9 esserci vuol dire veramente tanto per un atleta. Passare per il villaggio con una medaglia \u00e8 una sensazione bellissima&#8221;.<\/p>\n<p>Riguardo ai suoi piani futuri, Matteo ha dichiarato: &#8220;Adesso mi riposer\u00f2 per quindici giorni, poi inizier\u00f2 la mia nuova avventura con il Recco. Con la nazionale abbiamo da preparare un Mondiale e i Giochi del Mediterraneo. Il cammino verso le prossime Olimpiadi \u00e8 lungo, ci arriveremo lavorando sodo come abbiamo fatto fino ad ora&#8221;.<\/p>\n<p>Nella prossima stagione, pertanto, il derby tra Savona e Pro Recco sar\u00e0 ancora pi\u00f9 interessante.\u00a0Matteo sar\u00e0 l&#8217;ennesimo ex e lancia gi\u00e0 la sfida.\u00a0&#8220;Con la calottina della Pro Recco far\u00f2 il mio dovere: cercher\u00f2 di battere la Rari anche questa volta perch\u00e9 siamo professionisti e dobbiamo cercare di vincere. Sempre con il massimo rispetto per una societ\u00e0 che mi ha dato tanto in questi anni e con la quale ho vinto tanto. Chiss\u00e0 &#8211; ha concluso Aicardi &#8211; che la mia presenza dall&#8217;altra parte non possa spronare qualche tifoso a tornare in piscina&#8221;.<\/p>\n","protected":false},"excerpt":{"rendered":"<p>Tovo San Giacomo. L&#8217;ugandese Stephen Kiprotich, vincitore della medaglia d&#8217;oro nella maratona di Londra, quando \u00e8 rientrato in patria ha ricevuto l&#8217;onore di un invito a colazione dal presidente dello stato africano. L&#8217;afgano Rohullah Nikpai, medaglia di bronzo nel taekwondo, ha trovato la sua Kabul vestita a festa, con tanto di sue gigantografie nelle piazze [&hellip;]<\/p>\n","protected":false},"author":13744,"featured_media":0,"comment_status":"open","ping_status":"closed","sticky":false,"template":"","format":"standard","meta":{"footnotes":""},"categories":[32],"tags":[41150,4720,4715,2868,166,85850,86096],"class_list":["post-223327","post","type-post","status-publish","format-standard","hentry","category-sport","tag-alex-giorgetti","tag-giacomo-pastorino","tag-matteo-aicardi","tag-olimpiadi","tag-pallanuoto","tag-savona","tag-tovo-san-giacomo","post_cat_citta-savona","post_cat_citta-tovo-san-giacomo"],"amp_validity":null,"amp_enabled":true,"_links":{"self":[{"href":"https:\/\/staging.ivg.it\/ediapi\/wp\/v2\/posts\/223327","targetHints":{"allow":["GET"]}}],"collection":[{"href":"https:\/\/staging.ivg.it\/ediapi\/wp\/v2\/posts"}],"about":[{"href":"https:\/\/staging.ivg.it\/ediapi\/wp\/v2\/types\/post"}],"author":[{"embeddable":true,"href":"https:\/\/staging.ivg.it\/ediapi\/wp\/v2\/users\/13744"}],"replies":[{"embeddable":true,"href":"https:\/\/staging.ivg.it\/ediapi\/wp\/v2\/comments?post=223327"}],"version-history":[{"count":0,"href":"https:\/\/staging.ivg.it\/ediapi\/wp\/v2\/posts\/223327\/revisions"}],"wp:attachment":[{"href":"https:\/\/staging.ivg.it\/ediapi\/wp\/v2\/media?parent=223327"}],"wp:term":[{"taxonomy":"category","embeddable":true,"href":"https:\/\/staging.ivg.it\/ediapi\/wp\/v2\/categories?post=223327"},{"taxonomy":"post_tag","embeddable":true,"href":"https:\/\/staging.ivg.it\/ediapi\/wp\/v2\/tags?post=223327"}],"curies":[{"name":"wp","href":"https:\/\/api.w.org\/{rel}","templated":true}]}}