{"id":223306,"date":"2012-08-18T10:36:04","date_gmt":"2012-08-18T08:36:04","guid":{"rendered":"http:\/\/www.ivg.it\/?p=223306"},"modified":"2012-08-19T14:26:07","modified_gmt":"2012-08-19T12:26:07","slug":"francesca-arkel-tre-settimane-di-fuga-e-il-ritrovamento-a-cairo-gli-inquirenti-ora-silenzio-e-rispetto-per-la-ragazza","status":"publish","type":"post","link":"https:\/\/staging.ivg.it\/2012\/08\/francesca-arkel-tre-settimane-di-fuga-e-il-ritrovamento-a-cairo-gli-inquirenti-ora-silenzio-e-rispetto-per-la-ragazza\/","title":{"rendered":"Francesca Arkel, tre settimane di fuga e il ritrovamento a Cairo. Gli inquirenti: &#8220;Ora silenzio e rispetto per la ragazza&#8221;"},"content":{"rendered":"<p><strong>Cairo M.<\/strong> E&#8217; rimasta praticamente chiusa per tre settimane tra quattro mura, Francesca Arkel, all&#8217;interno di un&#8217;abitazione di Cairo Montenotte di propriet\u00e0 di un famigliare. Troppo il clamore mediatico scoppiato attorno alla sua vicenda e troppa la paura di essere ritrovata e di dover tornare in comunit\u00e0.<\/p>\n<p>Non che la vita all&#8217;interno della struttura di Varazze &#8220;Capo Horn&#8221; fosse in qualche modo dura: Francesca, per\u00f2, a giugno aveva assaporato la prospettiva di lasciarla, e per di pi\u00f9 insieme al padre che avrebbe dovuto prendersene cura e regalarle, finalmente, una vita normale. Ma proprio in quel momento, il destino le ha inferto un brutto colpo, con la morte dell&#8217;uomo per una grave malattia. Di qui il panico, la sensazione di un futuro nuovamente incerto, e la decisione di scappare.<\/p>\n<p>E&#8217; questo, secondo gli inquirenti, il quadro che spiegherebbe la fuga della quindicenne che, per quasi un mese, ha fatto perdere le tracce di s\u00e9. Un quadro confermato anche da una frase contenuta all&#8217;interno della lettera recapitata qualche giorno fa ai carabinieri e che \u00e8 stata scritta proprio da Francesca: &#8220;Dovevo uscire con lui, mentre ora dovr\u00f2 uscire da sola da questo casino&#8221;, \u00e8 il riferimento diretto al pap\u00e0 e ad una situazione che la ragazzina non si \u00e8 sentita di affrontare in altro modo che con la fuga.<\/p>\n<p>La quindicenne, per\u00f2, non \u00e8 scappata lontano: ha trovato ospitalit\u00e0 a Cairo Montenotte, da alcuni famigliari (in particolare due, che ora rischiano di essere indagati per sottrazione di minore consenziente).<\/p>\n<p>&#8220;Il clamore mediatico non ha giovato alle indagini &#8211; ha sottolineato il comandante della Compagnia dei carabinieri di Savona, Orlando Pilutti &#8211; Da subito abbiamo optato per l&#8217;ipotesi dell&#8217;allontanamento volontario, pensando che la giovane avesse trovato rifugio da qualche amico o conoscente. E&#8217; per questo che abbiamo monitorato una serie di contesti e di persone alle quali la ragazza avrebbe potuto chiedere aiuto. La diffusione quasi immediata della notizia, per\u00f2, ci ha portato a dover verificare anche le tantissime segnalazioni che ci sono arrivate da tutta Italia: c&#8217;era chi pensava di averla vista in una discoteca pugliese, chi su un traghetto per Lampedusa, chi a Bolzano, chi a Genova. Tutte indicazioni da verificare e che ci hanno impegnato su moltissimi fronti&#8221;.<\/p>\n<p>Poi, ieri pomeriggio, l&#8217;incontro con vari famigliari e amici e una chiacchierata molto lunga con i carabinieri che, alla fine, supportati da vari elementi e prove, sono riusciti a farsi dire dove fosse Francesca e a bussare alla porta dell&#8217;abitazione di Cairo. Nel momento in cui la giovane ha capito di dover lasciare quella casa \u00e8 scoppiata in lacrime, cos\u00ec come la persona che la ospitava, segno, questo, del loro forte legame. Nei prossimi giorni si decider\u00e0 a quale struttura affidarla, nella speranza che riesca a essere pi\u00f9 serena e a riacquistare speranza nel futuro.<\/p>\n<p>&#8220;Adesso, per\u00f2, \u00e8 ora che i riflettori calino su una ragazza che deve pensare solo a s\u00e9 e alla propria vita&#8221;, raccomandano i carabinieri.<\/p>\n","protected":false},"excerpt":{"rendered":"<p>Cairo M. E&#8217; rimasta praticamente chiusa per tre settimane tra quattro mura, Francesca Arkel, all&#8217;interno di un&#8217;abitazione di Cairo Montenotte di propriet\u00e0 di un famigliare. Troppo il clamore mediatico scoppiato attorno alla sua vicenda e troppa la paura di essere ritrovata e di dover tornare in comunit\u00e0. Non che la vita all&#8217;interno della struttura di [&hellip;]<\/p>\n","protected":false},"author":2620,"featured_media":0,"comment_status":"open","ping_status":"closed","sticky":false,"template":"","format":"standard","meta":{"footnotes":""},"categories":[34],"tags":[151,228,41917,4799],"class_list":["post-223306","post","type-post","status-publish","format-standard","hentry","category-cronaca","tag-cairo","tag-carabinieri","tag-francesca-arkel","tag-scomparsa","post_cat_citta-cairo-montenotte"],"amp_validity":null,"amp_enabled":true,"_links":{"self":[{"href":"https:\/\/staging.ivg.it\/ediapi\/wp\/v2\/posts\/223306","targetHints":{"allow":["GET"]}}],"collection":[{"href":"https:\/\/staging.ivg.it\/ediapi\/wp\/v2\/posts"}],"about":[{"href":"https:\/\/staging.ivg.it\/ediapi\/wp\/v2\/types\/post"}],"author":[{"embeddable":true,"href":"https:\/\/staging.ivg.it\/ediapi\/wp\/v2\/users\/2620"}],"replies":[{"embeddable":true,"href":"https:\/\/staging.ivg.it\/ediapi\/wp\/v2\/comments?post=223306"}],"version-history":[{"count":0,"href":"https:\/\/staging.ivg.it\/ediapi\/wp\/v2\/posts\/223306\/revisions"}],"wp:attachment":[{"href":"https:\/\/staging.ivg.it\/ediapi\/wp\/v2\/media?parent=223306"}],"wp:term":[{"taxonomy":"category","embeddable":true,"href":"https:\/\/staging.ivg.it\/ediapi\/wp\/v2\/categories?post=223306"},{"taxonomy":"post_tag","embeddable":true,"href":"https:\/\/staging.ivg.it\/ediapi\/wp\/v2\/tags?post=223306"}],"curies":[{"name":"wp","href":"https:\/\/api.w.org\/{rel}","templated":true}]}}