{"id":223279,"date":"2012-08-17T15:12:53","date_gmt":"2012-08-17T13:12:53","guid":{"rendered":"http:\/\/www.ivg.it\/?p=223279"},"modified":"2012-08-17T15:12:53","modified_gmt":"2012-08-17T13:12:53","slug":"albenga-trovato-in-possesso-di-18-dosi-di-hashish-marocchino-in-manette","status":"publish","type":"post","link":"https:\/\/staging.ivg.it\/2012\/08\/albenga-trovato-in-possesso-di-18-dosi-di-hashish-marocchino-in-manette\/","title":{"rendered":"Albenga, trovato in possesso di 18 dosi di hashish: marocchino in manette"},"content":{"rendered":"<p><strong>Albenga<\/strong>. Intorno a quell&#8217;uomo circolavano troppe persone e vicino a lui c&#8217;era un continuo via vai. Cos\u00ec un cittadino albenganese, insospettito dagli strani movimenti, ha segnalato la situazione ai carabinieri. Gli uomini del Nucleo Operativo e radiomobile dei Carabinieri di Albenga, quindi hanno provveduto ad effettuare un controllo che ha portato all&#8217;arresto di un marocchino per spaccio.<\/p>\n<p>Si tratta di Said Hadui, 32 anni, clandestino e senza fissa dimora, che dopo essere stato fermato dai militari \u00e8 stato trovato in possesso di 24 grammi di hashish, suddivisi in 18 dosi. Il nordafricano \u00e8 stato processato per direttissima gi\u00e0 questa mattina e il suo arresto \u00e8 stato convalidato. Il giudice ha anche confermato la misura di custodia cautelare in carcere. Vista la richiesta di termini a difesa del legale di Hadui il procedimento \u00e8 poi stato rinviato al prossimo 21 settembre.<\/p>\n","protected":false},"excerpt":{"rendered":"<p>Albenga. Intorno a quell&#8217;uomo circolavano troppe persone e vicino a lui c&#8217;era un continuo via vai. Cos\u00ec un cittadino albenganese, insospettito dagli strani movimenti, ha segnalato la situazione ai carabinieri. Gli uomini del Nucleo Operativo e radiomobile dei Carabinieri di Albenga, quindi hanno provveduto ad effettuare un controllo che ha portato all&#8217;arresto di un marocchino [&hellip;]<\/p>\n","protected":false},"author":2394,"featured_media":0,"comment_status":"open","ping_status":"closed","sticky":false,"template":"","format":"standard","meta":{"footnotes":""},"categories":[34],"tags":[85841,666,4342,1304],"class_list":["post-223279","post","type-post","status-publish","format-standard","hentry","category-cronaca","tag-albenga","tag-arresto","tag-marocchino","tag-spaccio","post_cat_citta-albenga"],"amp_validity":null,"amp_enabled":true,"_links":{"self":[{"href":"https:\/\/staging.ivg.it\/ediapi\/wp\/v2\/posts\/223279","targetHints":{"allow":["GET"]}}],"collection":[{"href":"https:\/\/staging.ivg.it\/ediapi\/wp\/v2\/posts"}],"about":[{"href":"https:\/\/staging.ivg.it\/ediapi\/wp\/v2\/types\/post"}],"author":[{"embeddable":true,"href":"https:\/\/staging.ivg.it\/ediapi\/wp\/v2\/users\/2394"}],"replies":[{"embeddable":true,"href":"https:\/\/staging.ivg.it\/ediapi\/wp\/v2\/comments?post=223279"}],"version-history":[{"count":0,"href":"https:\/\/staging.ivg.it\/ediapi\/wp\/v2\/posts\/223279\/revisions"}],"wp:attachment":[{"href":"https:\/\/staging.ivg.it\/ediapi\/wp\/v2\/media?parent=223279"}],"wp:term":[{"taxonomy":"category","embeddable":true,"href":"https:\/\/staging.ivg.it\/ediapi\/wp\/v2\/categories?post=223279"},{"taxonomy":"post_tag","embeddable":true,"href":"https:\/\/staging.ivg.it\/ediapi\/wp\/v2\/tags?post=223279"}],"curies":[{"name":"wp","href":"https:\/\/api.w.org\/{rel}","templated":true}]}}