{"id":223097,"date":"2012-08-13T15:55:53","date_gmt":"2012-08-13T13:55:53","guid":{"rendered":"http:\/\/www.ivg.it\/?p=223097"},"modified":"2012-08-13T15:55:53","modified_gmt":"2012-08-13T13:55:53","slug":"savona-festa-di-liberazione-incontro-sul-carbone-e-le-fonti-rinnovabili","status":"publish","type":"post","link":"https:\/\/staging.ivg.it\/2012\/08\/savona-festa-di-liberazione-incontro-sul-carbone-e-le-fonti-rinnovabili\/","title":{"rendered":"Savona, Festa di Liberazione: incontro sul carbone e le fonti rinnovabili"},"content":{"rendered":"<p><strong>Savona.<\/strong> Continua la Festa di Liberazione sul lungomare di Zinola a Savona. Mercoled\u00ec 14 agosto, alle ore 21, Giovanni Durante presidente provinciale dell&#8217;Arci, Stefano Sarti di Legambiente Liguria, Simona Simonetti Portavoca Federazione dei Verdi e Franco Zunino gi\u00e0 assessore regionale all&#8217;Ambiente saranno i protagonisti del dibattito &#8220;Naturalmente contro l&#8217;ampliamento &#8211; Il carbone e le fonti rinnovabili&#8221;. <\/p>\n<p>&#8220;Un tema per noi particolarmente importante. Cos\u00ec come sar\u00e0 importante la presenza dell&#8217;associazione &#8220;Uniti per la salute&#8221; che avr\u00e0 un proprio spazio all&#8217;interno della Festa andandosi ad aggiungere ad altre associazioni da anni presenti a Zinola&#8221; afferma il segretario provinciale del Prc Marco Ravera.<\/p>\n<p>Sul palco spettacoli serata folk con i Brig\u00e0 che presenteranno alla Festa il loro ultimo disco &#8220;Artemisia, le Alpi del mare&#8221;. Nello spazio Rescio &#8220;L&#8217;Ecuador nel Mediterraneo&#8221; con Antonio Garcia Presidente Unione di Solidariet\u00e0 degli Ecuadoiani in Italia e un rappresentante della segreteria nazionale del migrante.<\/p>\n","protected":false},"excerpt":{"rendered":"<p>Savona. Continua la Festa di Liberazione sul lungomare di Zinola a Savona. Mercoled\u00ec 14 agosto, alle ore 21, Giovanni Durante presidente provinciale dell&#8217;Arci, Stefano Sarti di Legambiente Liguria, Simona Simonetti Portavoca Federazione dei Verdi e Franco Zunino gi\u00e0 assessore regionale all&#8217;Ambiente saranno i protagonisti del dibattito &#8220;Naturalmente contro l&#8217;ampliamento &#8211; Il carbone e le fonti [&hellip;]<\/p>\n","protected":false},"author":13744,"featured_media":0,"comment_status":"open","ping_status":"closed","sticky":false,"template":"","format":"standard","meta":{"footnotes":""},"categories":[31],"tags":[4344,25897,366,1735,85850],"class_list":["post-223097","post","type-post","status-publish","format-standard","hentry","category-politica","tag-carbone","tag-festa-liberazione","tag-marco-ravera","tag-prc","tag-savona","post_cat_citta-andora","post_cat_citta-savona"],"amp_validity":null,"amp_enabled":true,"_links":{"self":[{"href":"https:\/\/staging.ivg.it\/ediapi\/wp\/v2\/posts\/223097","targetHints":{"allow":["GET"]}}],"collection":[{"href":"https:\/\/staging.ivg.it\/ediapi\/wp\/v2\/posts"}],"about":[{"href":"https:\/\/staging.ivg.it\/ediapi\/wp\/v2\/types\/post"}],"author":[{"embeddable":true,"href":"https:\/\/staging.ivg.it\/ediapi\/wp\/v2\/users\/13744"}],"replies":[{"embeddable":true,"href":"https:\/\/staging.ivg.it\/ediapi\/wp\/v2\/comments?post=223097"}],"version-history":[{"count":0,"href":"https:\/\/staging.ivg.it\/ediapi\/wp\/v2\/posts\/223097\/revisions"}],"wp:attachment":[{"href":"https:\/\/staging.ivg.it\/ediapi\/wp\/v2\/media?parent=223097"}],"wp:term":[{"taxonomy":"category","embeddable":true,"href":"https:\/\/staging.ivg.it\/ediapi\/wp\/v2\/categories?post=223097"},{"taxonomy":"post_tag","embeddable":true,"href":"https:\/\/staging.ivg.it\/ediapi\/wp\/v2\/tags?post=223097"}],"curies":[{"name":"wp","href":"https:\/\/api.w.org\/{rel}","templated":true}]}}