{"id":223092,"date":"2012-08-13T14:19:21","date_gmt":"2012-08-13T12:19:21","guid":{"rendered":"http:\/\/www.ivg.it\/?p=223092"},"modified":"2012-08-13T18:33:27","modified_gmt":"2012-08-13T16:33:27","slug":"carcare-antica-fiera-del-bestiame-giovedi-23-agosto-la-serata-di-aperura","status":"publish","type":"post","link":"https:\/\/staging.ivg.it\/2012\/08\/carcare-antica-fiera-del-bestiame-giovedi-23-agosto-la-serata-di-aperura\/","title":{"rendered":"Carcare, Antica Fiera del Bestiame: gioved\u00ec 23 agosto la serata di aperura"},"content":{"rendered":"<p><strong>Carcare<\/strong>. Torna a Carcare il tradizionale appuntamento annuale con l\u2019Antica Fiera del Bestiame. la serata di apertura si terr\u00e0 gioved\u00ec 23 agosto, dalle ore 20,30, presso l&#8217;aula magna del Liceo Calasanzio, durante la quale si discuter\u00e0 dei temi \u201cTra innovazione e tradizione\u201d e &#8220;Digressioni sull\u2019agricoltura nelle Valli del fiume Bormida&#8221;.<\/p>\n<p>&#8220;L\u2019Antica Fiera del Bestiame &#8211; dicono gli organizzatori &#8211; permette di valorizzare il patrimonio agricolo e zootecnico di un segmento economico, che conti alla mano su tutto il territorio della Provincia di Savona conta 4200 bovini prevalentemente di razza Piemontese e 7600 ovicaprini.<\/p>\n<p>Tramite l\u2019impegno degli allevatori e delle istituzioni, la finalit\u00e0 \u00e8 quella di far conoscere, attraverso lo strumento della fiera espositiva, le realt\u00e0 aziendali presenti nella zona della Val Bormida, promuovendo il valore economico, etico e culturale che rappresentano per il territorio e per la sua qualificazione.<\/p>\n","protected":false},"excerpt":{"rendered":"<p>Carcare. Torna a Carcare il tradizionale appuntamento annuale con l\u2019Antica Fiera del Bestiame. la serata di apertura si terr\u00e0 gioved\u00ec 23 agosto, dalle ore 20,30, presso l&#8217;aula magna del Liceo Calasanzio, durante la quale si discuter\u00e0 dei temi \u201cTra innovazione e tradizione\u201d e &#8220;Digressioni sull\u2019agricoltura nelle Valli del fiume Bormida&#8221;. &#8220;L\u2019Antica Fiera del Bestiame &#8211; [&hellip;]<\/p>\n","protected":false},"author":13744,"featured_media":0,"comment_status":"open","ping_status":"closed","sticky":false,"template":"","format":"standard","meta":{"footnotes":""},"categories":[],"tags":[23163,26380,85852],"class_list":["post-223092","post","type-post","status-publish","format-standard","hentry","tag-allevamento","tag-antica-fiera-del-bestiame","tag-carcare","post_cat_citta-carcare"],"amp_validity":null,"amp_enabled":true,"_links":{"self":[{"href":"https:\/\/staging.ivg.it\/ediapi\/wp\/v2\/posts\/223092","targetHints":{"allow":["GET"]}}],"collection":[{"href":"https:\/\/staging.ivg.it\/ediapi\/wp\/v2\/posts"}],"about":[{"href":"https:\/\/staging.ivg.it\/ediapi\/wp\/v2\/types\/post"}],"author":[{"embeddable":true,"href":"https:\/\/staging.ivg.it\/ediapi\/wp\/v2\/users\/13744"}],"replies":[{"embeddable":true,"href":"https:\/\/staging.ivg.it\/ediapi\/wp\/v2\/comments?post=223092"}],"version-history":[{"count":0,"href":"https:\/\/staging.ivg.it\/ediapi\/wp\/v2\/posts\/223092\/revisions"}],"wp:attachment":[{"href":"https:\/\/staging.ivg.it\/ediapi\/wp\/v2\/media?parent=223092"}],"wp:term":[{"taxonomy":"category","embeddable":true,"href":"https:\/\/staging.ivg.it\/ediapi\/wp\/v2\/categories?post=223092"},{"taxonomy":"post_tag","embeddable":true,"href":"https:\/\/staging.ivg.it\/ediapi\/wp\/v2\/tags?post=223092"}],"curies":[{"name":"wp","href":"https:\/\/api.w.org\/{rel}","templated":true}]}}