{"id":223087,"date":"2012-08-13T13:39:28","date_gmt":"2012-08-13T11:39:28","guid":{"rendered":"http:\/\/www.ivg.it\/?p=223087"},"modified":"2012-08-14T09:10:32","modified_gmt":"2012-08-14T07:10:32","slug":"pietra-si-fruga-nei-bidoni-della-differenziata-per-punire-i-trasgressori-venti-multe-in-un-mese","status":"publish","type":"post","link":"https:\/\/staging.ivg.it\/2012\/08\/pietra-si-fruga-nei-bidoni-della-differenziata-per-punire-i-trasgressori-venti-multe-in-un-mese\/","title":{"rendered":"Pietra, si fruga nei bidoni della differenziata per punire i trasgressori: venti multe in un mese"},"content":{"rendered":"<p><strong>Pietra Ligure<\/strong>. Da una parte massiccia campagna di informazione e sensibilizzazione, ma dall&#8217;altra pugno duro contro i trasgressori. Il Comune di Pietra Ligure spinge l&#8217;acceleratore sulla raccolta differenziata e lo fa anche penalizzando i comportamenti scorretti. Una ventina le sanzioni comminate nel giro di un mese per infrazioni al regolamento sul conferimento differenziato dei rifiuti.<\/p>\n<p>Spiega il consigliere delegato all&#8217;ambiente, Francesco Nocera: &#8220;D&#8217;accordo con i vigili del Comune e agli addetti dell&#8217;Aimeri abbiamo scelto di iniziare un controllo all&#8217;interno dei bidoni della raccolta differenziata e abbiamo elargito una ventina di multe nell&#8217;arco di un mese. Praticamente apriamo i bidoni e controlliamo se la raccolta differenziata \u00e8 stata fatta in modo preciso o meno. Qualora non sia cos\u00ec, eleviamo una multa al condominio, nel caso il cittadino non sia colto in flagrante. La multa \u00e8 pari a 50 euro&#8221;.<\/p>\n<p>Talvolta sono anche le attivit\u00e0 commerciali ad essere controllate. &#8220;S\u00ec, perch\u00e9 all&#8217;interno del sacchetto si ritrovano scontrini e altri elementi che fanno capire chi ha differenziato e se lo ha fatto male elargiamo la multa a chi di dovere&#8221; sottolinea il consigliere Nocera.<\/p>\n<p>La campagna di informazione lanciata oggi dal Comune pietrese, impegnato ad inanellare l&#8217;obiettivo del 65% di differenziata entro fine anno, prevede anche una serie di incontri territoriali con la cittadinanza. Questo il programma: marted\u00ec 14 agosto dalle ore 20 alle ore 24 &#8211; Centro storico; mercoled\u00ec 15 agosto dalle ore 10 alle ore 18 &#8211; Fiera dell&#8217;Assunta &#8211; Piazza San Nicol\u00f2; venerd\u00ec 17 agosto dalle ore 20 alle ore 24 &#8211; Centro storico; sabato 18 agosto dalle ore 9 alle ore 13 Mercato di Viale Repubblica; sabato 18 agosto dalle ore 15 alle ore 19 &#8211; Lungomare; domenica 19 agosto dalle ore 15 alle ore 19 &#8211; Lungomare.<\/p>\n","protected":false},"excerpt":{"rendered":"<p>Pietra Ligure. Da una parte massiccia campagna di informazione e sensibilizzazione, ma dall&#8217;altra pugno duro contro i trasgressori. Il Comune di Pietra Ligure spinge l&#8217;acceleratore sulla raccolta differenziata e lo fa anche penalizzando i comportamenti scorretti. Una ventina le sanzioni comminate nel giro di un mese per infrazioni al regolamento sul conferimento differenziato dei rifiuti. [&hellip;]<\/p>\n","protected":false},"author":13744,"featured_media":0,"comment_status":"open","ping_status":"closed","sticky":false,"template":"","format":"standard","meta":{"footnotes":""},"categories":[],"tags":[41283,670,2219,498],"class_list":["post-223087","post","type-post","status-publish","format-standard","hentry","tag-francesco-nocera","tag-pietra","tag-raccolta-differenziata","tag-rifiuti","post_cat_citta-pietra-ligure"],"amp_validity":null,"amp_enabled":true,"_links":{"self":[{"href":"https:\/\/staging.ivg.it\/ediapi\/wp\/v2\/posts\/223087","targetHints":{"allow":["GET"]}}],"collection":[{"href":"https:\/\/staging.ivg.it\/ediapi\/wp\/v2\/posts"}],"about":[{"href":"https:\/\/staging.ivg.it\/ediapi\/wp\/v2\/types\/post"}],"author":[{"embeddable":true,"href":"https:\/\/staging.ivg.it\/ediapi\/wp\/v2\/users\/13744"}],"replies":[{"embeddable":true,"href":"https:\/\/staging.ivg.it\/ediapi\/wp\/v2\/comments?post=223087"}],"version-history":[{"count":0,"href":"https:\/\/staging.ivg.it\/ediapi\/wp\/v2\/posts\/223087\/revisions"}],"wp:attachment":[{"href":"https:\/\/staging.ivg.it\/ediapi\/wp\/v2\/media?parent=223087"}],"wp:term":[{"taxonomy":"category","embeddable":true,"href":"https:\/\/staging.ivg.it\/ediapi\/wp\/v2\/categories?post=223087"},{"taxonomy":"post_tag","embeddable":true,"href":"https:\/\/staging.ivg.it\/ediapi\/wp\/v2\/tags?post=223087"}],"curies":[{"name":"wp","href":"https:\/\/api.w.org\/{rel}","templated":true}]}}