{"id":223036,"date":"2012-08-11T18:25:56","date_gmt":"2012-08-11T16:25:56","guid":{"rendered":"http:\/\/www.ivg.it\/?p=223036"},"modified":"2012-08-12T14:54:38","modified_gmt":"2012-08-12T12:54:38","slug":"la-juva-fa-sua-la-supercoppa-primo-trofeo-da-allenatore-per-massimo-carrera-un-successo-che-parte-anche-da-andora","status":"publish","type":"post","link":"https:\/\/staging.ivg.it\/2012\/08\/la-juva-fa-sua-la-supercoppa-primo-trofeo-da-allenatore-per-massimo-carrera-un-successo-che-parte-anche-da-andora\/","title":{"rendered":"La Juve fa sua la Supercoppa, primo trofeo da allenatore per Massimo Carrera: un successo che parte anche da Andora"},"content":{"rendered":"<p><strong>Andora<\/strong>. Oggi pomeriggio, a Pechino, Massimo Carrera ha festeggiato la vittoria del suo primo trofeo da allenatore: la Supercoppa italiana. Il trionfo del tecnico, che da pochi giorni ha preso il posto dello squalificato Antonio Conte sulla panchina della Juva, \u00e8 un po&#8217; anche ligure. Carrera infatti \u00e8 quasi un andorese di adozione visto che, molto spesso, \u00e8 nel Comune rivierasco dove ha una casa. Sicuramente quindi, oltre che i tifosi juventini, saranno stati molti anche i cittadini di Andora che questo pomeriggio hanno fatto festa per il successo di Carrera.<\/p>\n<p>Una delle ultime apparizioni in Liguria dell&#8217;attuale allenatore della Vecchia Signora era stata la partita benefica &#8220;Un calcio alla macerie&#8221;, giocata allo stadio Riva di Albenga per raccogliere fondi per i terremotati. Proprio in quell&#8217;occasione Carrera aveva raccontato di essere molto legato alla Riviera savonese dove nella sua casa di Andora ama spendere i suoi momenti di relax.<\/p>\n","protected":false},"excerpt":{"rendered":"<p>Andora. Oggi pomeriggio, a Pechino, Massimo Carrera ha festeggiato la vittoria del suo primo trofeo da allenatore: la Supercoppa italiana. Il trionfo del tecnico, che da pochi giorni ha preso il posto dello squalificato Antonio Conte sulla panchina della Juva, \u00e8 un po&#8217; anche ligure. Carrera infatti \u00e8 quasi un andorese di adozione visto che, [&hellip;]<\/p>\n","protected":false},"author":13744,"featured_media":0,"comment_status":"open","ping_status":"closed","sticky":false,"template":"","format":"standard","meta":{"footnotes":""},"categories":[32],"tags":[85847,41419],"class_list":["post-223036","post","type-post","status-publish","format-standard","hentry","category-sport","tag-andora","tag-massimo-carrera"],"amp_validity":null,"amp_enabled":true,"_links":{"self":[{"href":"https:\/\/staging.ivg.it\/ediapi\/wp\/v2\/posts\/223036","targetHints":{"allow":["GET"]}}],"collection":[{"href":"https:\/\/staging.ivg.it\/ediapi\/wp\/v2\/posts"}],"about":[{"href":"https:\/\/staging.ivg.it\/ediapi\/wp\/v2\/types\/post"}],"author":[{"embeddable":true,"href":"https:\/\/staging.ivg.it\/ediapi\/wp\/v2\/users\/13744"}],"replies":[{"embeddable":true,"href":"https:\/\/staging.ivg.it\/ediapi\/wp\/v2\/comments?post=223036"}],"version-history":[{"count":0,"href":"https:\/\/staging.ivg.it\/ediapi\/wp\/v2\/posts\/223036\/revisions"}],"wp:attachment":[{"href":"https:\/\/staging.ivg.it\/ediapi\/wp\/v2\/media?parent=223036"}],"wp:term":[{"taxonomy":"category","embeddable":true,"href":"https:\/\/staging.ivg.it\/ediapi\/wp\/v2\/categories?post=223036"},{"taxonomy":"post_tag","embeddable":true,"href":"https:\/\/staging.ivg.it\/ediapi\/wp\/v2\/tags?post=223036"}],"curies":[{"name":"wp","href":"https:\/\/api.w.org\/{rel}","templated":true}]}}