{"id":223029,"date":"2012-08-11T15:33:45","date_gmt":"2012-08-11T13:33:45","guid":{"rendered":"http:\/\/www.ivg.it\/?p=223029"},"modified":"2012-08-12T14:45:58","modified_gmt":"2012-08-12T12:45:58","slug":"albenga-operativa-la-nuova-area-canina-orari-e-regolamento","status":"publish","type":"post","link":"https:\/\/staging.ivg.it\/2012\/08\/albenga-operativa-la-nuova-area-canina-orari-e-regolamento\/","title":{"rendered":"Albenga, operativa la nuova area canina: orari e regolamento"},"content":{"rendered":"<p><strong>Albenga<\/strong>. E&#8217; operativa l\u2019area dedicata ai cani ad Albenga, approvata con delibera di Giunta Comunale nelle scorse settimane. Nei giorni scorsi, il personale dell\u2019Ufficio Tecnico del Comune di Albenga ha provveduto infatti a sistemare l\u2019area verde di Via Valle d\u2019Aosta, angolo Viale Pontelungo, individuata dall\u2019Amministrazione Comunale quale sede per la conduzione dei cani e riservata agli stessi, al fine di permettere ai conduttori degli animali di farli correre e giocare liberamente sotto la propria vigile responsabilit\u00e0.<\/p>\n<p>La zona individuata \u00e8 un&#8217;area verde di propriet\u00e0 comunale di 1400 metri quadri, completamente recintata da fitta siepe, ubicata in Via Valle d&#8217;Aosta, all&#8217;angolo con Viale Pontelungo. A seguito dell\u2019individuazione da parte della Giunta, per una corretta fruizione dell&#8217;area, \u00e8 stato redatto, da parte degli uffici, un regolamento da affiggere con apposito cartello nei pressi della stessa, cos\u00ec da disciplinare i comportamenti dei conduttori degli animali e da riportare gli orari di utilizzo dell&#8217;area.<\/p>\n<p>Per questo motivo, l&#8217;Ufficio Servizi Generali Operativi \u2013 Ambiente ha disposto un regolamento che prevede quanto segue: all&#8217;interno dell&#8217;area riservata \u00e8 consentito ai conduttori di cani far correre e giocare liberamente gli animali, senza guinzaglio e museruola, sotto la propria vigile responsabilit\u00e0; \u00e8 obbligo dei padroni evitare che i cani costituiscano pericolo per le persone o per gli altri animali, e a tale scopo devono trattenere i cani ogni qual volta se ne presenti la necessit\u00e0 o l&#8217;opportunit\u00e0 (il proprietario o l&#8217;accompagnatore \u00e8 civilmente e penalmente responsabile di ogni azione del cane da lui condotto); i conduttori devono raccogliere le deiezioni solide lasciando pulito lo spazio sporcato dagli animali; l&#8217;utilizzo improprio dell&#8217;area ed ogni comportamento difforme alle prescrizioni del regolamento sar\u00e0 punito dalle sanzioni previste dal regolamento di polizia urbana.<\/p>\n<p>Gli orari di ingresso all&#8217;area canina sono, da giugno a settembre, dalle ore 8.00 alle ore 12.00 e dalle ore 16.00 alle ore 22.00; da Ottobre a Maggio, dalle ore 07.00 alle ore 12.00 e dalle ore 15.00 alle ore 21.00. Per la realizzazione dell&#8217;area riservata cani, l&#8217;ente comunale ha provveduto con proprie risorse e personale interno.<\/p>\n<p>\u201cLa realizzazione di almeno un\u2019area dedicata ai cani era un obiettivo stabilito dal nostro programma amministrativo, un\u2019esigenza molto sentita dalla cittadinanza, che ci ha fatto pervenire numerose richieste al riguardo &#8211; commenta il Sindaco di Albenga Rosy Guarnieri -. Operativa da qualche giorno, abbiamo gi\u00e0 ricevuto diversi ringraziamenti, da parte dei titolari di cani, a nome dei loro amici a quattro zampe\u201d.<\/p>\n","protected":false},"excerpt":{"rendered":"<p>Albenga. E&#8217; operativa l\u2019area dedicata ai cani ad Albenga, approvata con delibera di Giunta Comunale nelle scorse settimane. Nei giorni scorsi, il personale dell\u2019Ufficio Tecnico del Comune di Albenga ha provveduto infatti a sistemare l\u2019area verde di Via Valle d\u2019Aosta, angolo Viale Pontelungo, individuata dall\u2019Amministrazione Comunale quale sede per la conduzione dei cani e riservata [&hellip;]<\/p>\n","protected":false},"author":13744,"featured_media":0,"comment_status":"open","ping_status":"closed","sticky":false,"template":"","format":"standard","meta":{"footnotes":""},"categories":[56],"tags":[85841],"class_list":["post-223029","post","type-post","status-publish","format-standard","hentry","category-altre","tag-albenga","post_cat_citta-albenga"],"amp_validity":null,"amp_enabled":true,"_links":{"self":[{"href":"https:\/\/staging.ivg.it\/ediapi\/wp\/v2\/posts\/223029","targetHints":{"allow":["GET"]}}],"collection":[{"href":"https:\/\/staging.ivg.it\/ediapi\/wp\/v2\/posts"}],"about":[{"href":"https:\/\/staging.ivg.it\/ediapi\/wp\/v2\/types\/post"}],"author":[{"embeddable":true,"href":"https:\/\/staging.ivg.it\/ediapi\/wp\/v2\/users\/13744"}],"replies":[{"embeddable":true,"href":"https:\/\/staging.ivg.it\/ediapi\/wp\/v2\/comments?post=223029"}],"version-history":[{"count":0,"href":"https:\/\/staging.ivg.it\/ediapi\/wp\/v2\/posts\/223029\/revisions"}],"wp:attachment":[{"href":"https:\/\/staging.ivg.it\/ediapi\/wp\/v2\/media?parent=223029"}],"wp:term":[{"taxonomy":"category","embeddable":true,"href":"https:\/\/staging.ivg.it\/ediapi\/wp\/v2\/categories?post=223029"},{"taxonomy":"post_tag","embeddable":true,"href":"https:\/\/staging.ivg.it\/ediapi\/wp\/v2\/tags?post=223029"}],"curies":[{"name":"wp","href":"https:\/\/api.w.org\/{rel}","templated":true}]}}