{"id":222936,"date":"2012-08-10T10:18:35","date_gmt":"2012-08-10T08:18:35","guid":{"rendered":"http:\/\/www.ivg.it\/?p=222936"},"modified":"2012-08-10T10:26:19","modified_gmt":"2012-08-10T08:26:19","slug":"il-gruppo-di-minoranza-vivi-albissola-allattacco-della-giunta-vincenzi-un-bilancio-sulla-pelle-dei-cittadini","status":"publish","type":"post","link":"https:\/\/staging.ivg.it\/2012\/08\/il-gruppo-di-minoranza-vivi-albissola-allattacco-della-giunta-vincenzi-un-bilancio-sulla-pelle-dei-cittadini\/","title":{"rendered":"Il gruppo di minoranza &#8220;Vivi Albissola&#8221; all&#8217;attacco della giunta Vincenzi: &#8220;Un bilancio sulla pelle dei cittadini&#8221;"},"content":{"rendered":"<p><strong>Albissola.<\/strong> \u201cFinalmente anche il Comune di Albissola Marina ha il suo bilancio di previsione 2012. Gi\u00e0 scrivere bilancio di previsione \u00e8 un paradosso: si \u00e8 dovuto aspettare la fine di luglio per la sua approvazione, mai in passato si era arrivati cos\u00ec il l\u00e0 nel corso dell&#8217;anno \u00e8 questo testimonia in maniera preoccupante l&#8217;incapacit\u00e0 amministrativa della Giunta Vicenzi che, a pi\u00f9 di tre anni dal suo insediamento, riesce sempre a dare pessima prova di s\u00e9\u201d. Cos\u00ec in una nota il gruppo consiliare \u201cVivi Albissola\u201d.<\/p>\n<p>\u201cMa se gi\u00e0 i termini di approvazione del bilancio di previsione 2012 sono scandalosi, ancora di pi\u00f9 lo sono i contenuti principali di questo bilancio: Imu per la prima casa al 0,5% (la legge fissa il valore a 0,4% con possibilit\u00e0 per i<br \/>\nComuni di aumentarla o diminuirla di 0,2%: ad Albissola hanno applicato quasi la tariffa massima); Imu per seconde case sfitte: 1,06% cio\u00e8 il valore massimo previsto dalla legge, oltre all\u2019aumento delle tariffe cimiteriali e l\u2019aumento delle tassa sulla spazzatura\u201d attacca il gruppo di minoranza albissolese.<\/p>\n<p>\u201cSi \u00e8 pensato ad aumentare le tasse per far quadrare il bilancio piuttosto che ad una efficace riduzione della spesa, tanto ci sono gli albissolesi che pagano&#8230;Oltretutto ad cos\u00ec elevata pressione fiscale non corrisponde un&#8217; adeguato ritorno per gli albissolesi, pochi esempi per tutti: la scarsa pulizia del centro storico, dei portici di corso Bigliati, della Passeggiata degli Artisti con le sue fatiscenti aiuole&#8230;\u201d conclude il gruppo consiliare.<\/p>\n","protected":false},"excerpt":{"rendered":"<p>Albissola. \u201cFinalmente anche il Comune di Albissola Marina ha il suo bilancio di previsione 2012. Gi\u00e0 scrivere bilancio di previsione \u00e8 un paradosso: si \u00e8 dovuto aspettare la fine di luglio per la sua approvazione, mai in passato si era arrivati cos\u00ec il l\u00e0 nel corso dell&#8217;anno \u00e8 questo testimonia in maniera preoccupante l&#8217;incapacit\u00e0 amministrativa [&hellip;]<\/p>\n","protected":false},"author":13744,"featured_media":0,"comment_status":"open","ping_status":"closed","sticky":false,"template":"","format":"standard","meta":{"footnotes":""},"categories":[31],"tags":[699,1360,37590,9640],"class_list":["post-222936","post","type-post","status-publish","format-standard","hentry","category-politica","tag-albissola","tag-bilancio","tag-imu","tag-vivi-albissola","post_cat_citta-albissola-marina","post_cat_citta-andora"],"amp_validity":null,"amp_enabled":true,"_links":{"self":[{"href":"https:\/\/staging.ivg.it\/ediapi\/wp\/v2\/posts\/222936","targetHints":{"allow":["GET"]}}],"collection":[{"href":"https:\/\/staging.ivg.it\/ediapi\/wp\/v2\/posts"}],"about":[{"href":"https:\/\/staging.ivg.it\/ediapi\/wp\/v2\/types\/post"}],"author":[{"embeddable":true,"href":"https:\/\/staging.ivg.it\/ediapi\/wp\/v2\/users\/13744"}],"replies":[{"embeddable":true,"href":"https:\/\/staging.ivg.it\/ediapi\/wp\/v2\/comments?post=222936"}],"version-history":[{"count":0,"href":"https:\/\/staging.ivg.it\/ediapi\/wp\/v2\/posts\/222936\/revisions"}],"wp:attachment":[{"href":"https:\/\/staging.ivg.it\/ediapi\/wp\/v2\/media?parent=222936"}],"wp:term":[{"taxonomy":"category","embeddable":true,"href":"https:\/\/staging.ivg.it\/ediapi\/wp\/v2\/categories?post=222936"},{"taxonomy":"post_tag","embeddable":true,"href":"https:\/\/staging.ivg.it\/ediapi\/wp\/v2\/tags?post=222936"}],"curies":[{"name":"wp","href":"https:\/\/api.w.org\/{rel}","templated":true}]}}