{"id":222916,"date":"2012-08-09T18:16:10","date_gmt":"2012-08-09T16:16:10","guid":{"rendered":"http:\/\/www.ivg.it\/?p=222916"},"modified":"2012-08-09T18:24:45","modified_gmt":"2012-08-09T16:24:45","slug":"sanita-parla-il-presidente-burlando-spendere-solo-i-soldi-che-abbiamo","status":"publish","type":"post","link":"https:\/\/staging.ivg.it\/2012\/08\/sanita-parla-il-presidente-burlando-spendere-solo-i-soldi-che-abbiamo\/","title":{"rendered":"Sanit\u00e0, parla il presidente Burlando: &#8220;Spendere solo i soldi che abbiamo&#8221;"},"content":{"rendered":"<p><strong>Regione.<\/strong> &#8220;Dobbiamo solo spendere i soldi che abbiamo, il resto non corrisponde a verit\u00e0. Non \u00e8 che diciamo ai direttori delle Asl cosa devono fare, anzi il consiglio regionale ha approvato una legge che d\u00e0 grande autonomia. La normalit\u00e0 semmai \u00e8 un&#8217;altra: fare operazioni strutturali a regime che consentano di adeguare i posti letto ed eliminare quei doppioni che costano di pi\u00f9 e non danno pi\u00f9 servizi. Poi, se ci sar\u00e0 bisogno di misure straordinarie, star\u00e0 a loro decidere. I 50 milioni di spese da tagliare? Sono quelli che non abbiamo&#8221;. <\/p>\n<p>Lo ha detto oggi il presidente della Regione Liguria Claudio Burlando, commentando l&#8217;indiscrezione secondo cui la Regione avrebbe detto ai direttori delle Asl di ridurre le operazioni chirurgiche per risparmiare. Da Burlando anche alcune precisazioni sulla riorganizzazione dei servizi sanitari. \u201cSi devono usare le eccellenze solo per affrontare interventi di grandissima complessit\u00e0&#8221;.<\/p>\n","protected":false},"excerpt":{"rendered":"<p>Regione. &#8220;Dobbiamo solo spendere i soldi che abbiamo, il resto non corrisponde a verit\u00e0. Non \u00e8 che diciamo ai direttori delle Asl cosa devono fare, anzi il consiglio regionale ha approvato una legge che d\u00e0 grande autonomia. La normalit\u00e0 semmai \u00e8 un&#8217;altra: fare operazioni strutturali a regime che consentano di adeguare i posti letto ed [&hellip;]<\/p>\n","protected":false},"author":13744,"featured_media":0,"comment_status":"open","ping_status":"closed","sticky":false,"template":"","format":"standard","meta":{"footnotes":""},"categories":[],"tags":[1021,284,295,111],"class_list":["post-222916","post","type-post","status-publish","format-standard","hentry","tag-asl","tag-claudio-burlando","tag-regione","tag-sanita","post_cat_citta-andora"],"amp_validity":null,"amp_enabled":true,"_links":{"self":[{"href":"https:\/\/staging.ivg.it\/ediapi\/wp\/v2\/posts\/222916","targetHints":{"allow":["GET"]}}],"collection":[{"href":"https:\/\/staging.ivg.it\/ediapi\/wp\/v2\/posts"}],"about":[{"href":"https:\/\/staging.ivg.it\/ediapi\/wp\/v2\/types\/post"}],"author":[{"embeddable":true,"href":"https:\/\/staging.ivg.it\/ediapi\/wp\/v2\/users\/13744"}],"replies":[{"embeddable":true,"href":"https:\/\/staging.ivg.it\/ediapi\/wp\/v2\/comments?post=222916"}],"version-history":[{"count":0,"href":"https:\/\/staging.ivg.it\/ediapi\/wp\/v2\/posts\/222916\/revisions"}],"wp:attachment":[{"href":"https:\/\/staging.ivg.it\/ediapi\/wp\/v2\/media?parent=222916"}],"wp:term":[{"taxonomy":"category","embeddable":true,"href":"https:\/\/staging.ivg.it\/ediapi\/wp\/v2\/categories?post=222916"},{"taxonomy":"post_tag","embeddable":true,"href":"https:\/\/staging.ivg.it\/ediapi\/wp\/v2\/tags?post=222916"}],"curies":[{"name":"wp","href":"https:\/\/api.w.org\/{rel}","templated":true}]}}