{"id":222915,"date":"2012-08-09T17:44:44","date_gmt":"2012-08-09T15:44:44","guid":{"rendered":"http:\/\/www.ivg.it\/?p=222915"},"modified":"2012-08-09T17:58:11","modified_gmt":"2012-08-09T15:58:11","slug":"albisola-in-vacanza-da-milano-con-carico-di-hashish-per-lo-spaccio-17enne-arrestato-dai-carabinieri","status":"publish","type":"post","link":"https:\/\/staging.ivg.it\/2012\/08\/albisola-in-vacanza-da-milano-con-carico-di-hashish-per-lo-spaccio-17enne-arrestato-dai-carabinieri\/","title":{"rendered":"Albisola, in vacanza da Milano con carico di hashish per lo spaccio: 17enne arrestato dai carabinieri"},"content":{"rendered":"<p><strong>Albisola S<\/strong>. Era stato notato dai carabinieri per i suoi movimenti sospetti e le sue frequentazioni durante il suo soggiorno ad Albisola Superiore e questa mattina i militari hanno deciso di fermarlo ed effettuare una perquisizione domiciliare: nella casa al mare dei genitori gli sono stati trovati 35 grammi di hashish, oltre a materiale per la preparazione ed il confezionamento della droga. <\/p>\n<p>Nei guai \u00e8 finito un 17enne di Milano in vacanza nella cittadina del levante savonese, che \u00e8 stato arrestato per il reato di detenzione a fini di spaccio. I carabinieri hanno inoltre sequestrato 1.000 euro in contanti, frutto dell\u2019attivit\u00e0 illecita messa a segno negli ultimi giorni. Il 17enne \u00e8 stato cos\u00ec accompagnato al Centro di Prima Accoglienza a Genova, riservato ai minori.<\/p>\n","protected":false},"excerpt":{"rendered":"<p>Albisola S. Era stato notato dai carabinieri per i suoi movimenti sospetti e le sue frequentazioni durante il suo soggiorno ad Albisola Superiore e questa mattina i militari hanno deciso di fermarlo ed effettuare una perquisizione domiciliare: nella casa al mare dei genitori gli sono stati trovati 35 grammi di hashish, oltre a materiale per [&hellip;]<\/p>\n","protected":false},"author":13744,"featured_media":0,"comment_status":"open","ping_status":"closed","sticky":false,"template":"","format":"standard","meta":{"footnotes":""},"categories":[34],"tags":[432,228,649,1304],"class_list":["post-222915","post","type-post","status-publish","format-standard","hentry","category-cronaca","tag-albisola","tag-carabinieri","tag-hashish","tag-spaccio","post_cat_citta-albisola-superiore","post_cat_citta-andora"],"amp_validity":null,"amp_enabled":true,"_links":{"self":[{"href":"https:\/\/staging.ivg.it\/ediapi\/wp\/v2\/posts\/222915","targetHints":{"allow":["GET"]}}],"collection":[{"href":"https:\/\/staging.ivg.it\/ediapi\/wp\/v2\/posts"}],"about":[{"href":"https:\/\/staging.ivg.it\/ediapi\/wp\/v2\/types\/post"}],"author":[{"embeddable":true,"href":"https:\/\/staging.ivg.it\/ediapi\/wp\/v2\/users\/13744"}],"replies":[{"embeddable":true,"href":"https:\/\/staging.ivg.it\/ediapi\/wp\/v2\/comments?post=222915"}],"version-history":[{"count":0,"href":"https:\/\/staging.ivg.it\/ediapi\/wp\/v2\/posts\/222915\/revisions"}],"wp:attachment":[{"href":"https:\/\/staging.ivg.it\/ediapi\/wp\/v2\/media?parent=222915"}],"wp:term":[{"taxonomy":"category","embeddable":true,"href":"https:\/\/staging.ivg.it\/ediapi\/wp\/v2\/categories?post=222915"},{"taxonomy":"post_tag","embeddable":true,"href":"https:\/\/staging.ivg.it\/ediapi\/wp\/v2\/tags?post=222915"}],"curies":[{"name":"wp","href":"https:\/\/api.w.org\/{rel}","templated":true}]}}