{"id":222909,"date":"2012-08-09T17:59:33","date_gmt":"2012-08-09T15:59:33","guid":{"rendered":"http:\/\/www.ivg.it\/?p=222909"},"modified":"2012-08-10T12:23:03","modified_gmt":"2012-08-10T10:23:03","slug":"vertice-fac-18-mesi-di-cassa-vesco-la-fabbrica-deve-mantenere-la-produzione-di-tazzine","status":"publish","type":"post","link":"https:\/\/staging.ivg.it\/2012\/08\/vertice-fac-18-mesi-di-cassa-vesco-la-fabbrica-deve-mantenere-la-produzione-di-tazzine\/","title":{"rendered":"Vertice Fac, 18 mesi di cassa. Vesco: &#8220;La fabbrica deve mantenere la produzione di tazzine&#8221;"},"content":{"rendered":"<p><strong>Albisola Superiore<\/strong>. &#8220;Noi della Fac non ci pieghiamo perch\u00e9 l&#8217;immobilismo e l&#8217;indifferenza uccidono il nostro futuro&#8221;. E&#8217; la scritta dello striscione esposto dai lavoratori dell&#8217;azienda albisolese di porcellane, oggi davanti alla sede municipale di Albisola Superiore dove si \u00e8 svolto in vertice con l&#8217;assessore regionale Enrico Vesco, insieme alla curatrice Simonella Rossano. <\/p>\n<p>Il futuro dei 148 dipendenti in cassa integrazione ora dipende dalla procedura fallimentare, dichiarata dal tribunale civile di Savona. Il 28 novembre si svolger\u00e0 la prima udienza per verificare lo stato passivo dell&#8217;impresa. Le maestranze sono dotate di elevata professionalit\u00e0 ed il mercato, storicamente occupato dalla Fac, rimane appetibile. <\/p>\n<p>&#8220;Tra liquidazione e fallimento era necessario rifare il passaggio sulla cassa integrazione straordinaria &#8211; spiega Fulvio Berruti, segretario della Filctem Cgil &#8211; La nuova cassa parte dal primo agosto ed avr\u00e0, sicuri, 18 mesi. Cambiando la causale, quindi, ci sar\u00e0 una copertura ulteriore di sei mesi. Cambia quindi solo la forma normativa&#8221;. <\/p>\n<p>&#8220;Tra Regione e Comune si \u00e8 messo in piedi velocemente questo incontro, quindi un ringraziamento va agli enti che si sono impegnati &#8211; aggiunge Berruti &#8211; Era una necessit\u00e0 urgente quella di rifare le pratiche con il nuovo suggetto, ossia il curatore fallimentare. E&#8217; stata infatti l&#8217;occasione per conoscere la dottoressa Rossano e apprezziamo la disponibilit\u00e0 che ha dimostrato&#8221;. <\/p>\n<p>Ora la curatela entra nella fase di &#8220;appropriazione&#8221; dell&#8217;unit\u00e0 produttiva. &#8220;Quindi l&#8217;obiettivo sar\u00e0 quello di intercettare un soggetto imprenditoriale serio per far ripartire la fabbrica.  In questo momento dobbiamo rimanere tutti in contatto. Rimosso il presidio nell&#8217;azienda, qualcuno sollecita di mantenere comunque l&#8217;attenzione. Albisola ha dimostrato grande solidariet\u00e0. Stiamo pensando di proseguire con le iniziative collaterali per tenerci uniti alla popolazione; pensiamo di fare un banchetto con gli striscioni e i volantini sul lungomare e la distribuzione gratuita di anguria&#8221;. <\/p>\n<p>L&#8217;anguriata potrebbe tenersi gi\u00e0 luned\u00ec o marted\u00ec prossimo. Appuntamento istituzionale importante in vista il prossimo 22 agosto: il sindaco Franco Orsi inconter\u00e0 la curatrice Rossano. Quest&#8217;ultima ha gi\u00e0 sottolineato che la salvaguardia occupazionale \u00e8 intento prioritario della procedura fallimentare. <\/p>\n<p>&#8220;La dottoressa Rossano ha interesse a collaborare per riavviare l&#8217;assetto produttivo &#8211; conferma l&#8217;assessore regionale Enrico Vesco &#8211; Abbiamo messo al sicuro 18 mesi di cassa integrazione con l&#8217;avallo del Ministero. E&#8217; gi\u00e0 una certezza. Ho apprezzato molto da parte della curatrice la determinazione nel trovare investitori del settore, solidi e non speculativi, per dare prospettiva industriale. Il fatto che gi\u00e0 ad agosto prender\u00e0 coscienza della situzione finanziaria dell&#8217;azienda \u00e8 molto positivo&#8221;. <\/p>\n<p>Vesco si \u00e8 anche rivolto direttamente ai lavoratori presenti: &#8220;Siete voi che avete salvato l&#8217;azienda. La fabbrica deve ripartire producendo tazzine. Giro le tazzine in tutta Italia per controllare la derivazione Fac. Cos\u00ec deve continuare ad essere, perch\u00e9 oltre ad essere orgogliosi di questa eccellenza occorre anche preservarne il valore economico. Gli auspici oggi sono tutti per mantenere la forza di questa produzione&#8221;. <\/p>\n","protected":false},"excerpt":{"rendered":"<p>Albisola Superiore. &#8220;Noi della Fac non ci pieghiamo perch\u00e9 l&#8217;immobilismo e l&#8217;indifferenza uccidono il nostro futuro&#8221;. E&#8217; la scritta dello striscione esposto dai lavoratori dell&#8217;azienda albisolese di porcellane, oggi davanti alla sede municipale di Albisola Superiore dove si \u00e8 svolto in vertice con l&#8217;assessore regionale Enrico Vesco, insieme alla curatrice Simonella Rossano. Il futuro dei [&hellip;]<\/p>\n","protected":false},"author":13744,"featured_media":0,"comment_status":"open","ping_status":"closed","sticky":false,"template":"","format":"standard","meta":{"footnotes":""},"categories":[35],"tags":[432,907,7268,6116,1817,2220],"class_list":["post-222909","post","type-post","status-publish","format-standard","hentry","category-economia","tag-albisola","tag-enrico-vesco","tag-fac","tag-fallimento","tag-industria","tag-renzo-guccinelli","post_cat_citta-albisola-superiore"],"amp_validity":null,"amp_enabled":true,"_links":{"self":[{"href":"https:\/\/staging.ivg.it\/ediapi\/wp\/v2\/posts\/222909","targetHints":{"allow":["GET"]}}],"collection":[{"href":"https:\/\/staging.ivg.it\/ediapi\/wp\/v2\/posts"}],"about":[{"href":"https:\/\/staging.ivg.it\/ediapi\/wp\/v2\/types\/post"}],"author":[{"embeddable":true,"href":"https:\/\/staging.ivg.it\/ediapi\/wp\/v2\/users\/13744"}],"replies":[{"embeddable":true,"href":"https:\/\/staging.ivg.it\/ediapi\/wp\/v2\/comments?post=222909"}],"version-history":[{"count":0,"href":"https:\/\/staging.ivg.it\/ediapi\/wp\/v2\/posts\/222909\/revisions"}],"wp:attachment":[{"href":"https:\/\/staging.ivg.it\/ediapi\/wp\/v2\/media?parent=222909"}],"wp:term":[{"taxonomy":"category","embeddable":true,"href":"https:\/\/staging.ivg.it\/ediapi\/wp\/v2\/categories?post=222909"},{"taxonomy":"post_tag","embeddable":true,"href":"https:\/\/staging.ivg.it\/ediapi\/wp\/v2\/tags?post=222909"}],"curies":[{"name":"wp","href":"https:\/\/api.w.org\/{rel}","templated":true}]}}