{"id":222804,"date":"2012-08-08T11:45:43","date_gmt":"2012-08-08T09:45:43","guid":{"rendered":"http:\/\/www.ivg.it\/?p=222804"},"modified":"2012-08-08T11:45:43","modified_gmt":"2012-08-08T09:45:43","slug":"savona-stasera-alla-festa-di-liberazione-incontro-con-il-procuratore-gian-carlo-caselli","status":"publish","type":"post","link":"https:\/\/staging.ivg.it\/2012\/08\/savona-stasera-alla-festa-di-liberazione-incontro-con-il-procuratore-gian-carlo-caselli\/","title":{"rendered":"Savona, stasera alla Festa di Liberazione incontro con il procuratore Gian Carlo Caselli"},"content":{"rendered":"<p><strong>Savona<\/strong>. Stasera, mercoled\u00ec 8 agosto, alle ore 19, torner\u00e0 alla Festa di Liberazione, per il quarto anno consecutivo, Gian Carlo Caselli. Il Procuratore capo di Torino sar\u00e0 protagonista di &#8220;Naturalmente per la Costituzione &#8211; L&#8217;attualit\u00e0 della Carta&#8221;, l&#8217;incontro organizzato insieme al Comitato provinciale dell&#8217;Anpi. Con Caselli ci sar\u00e0 anche l&#8217;ex senatore Nanni Russo. A coordinare il dibattito sar\u00e0 Stefano Nasi della Segreteria provinciale Anpi.<\/p>\n<p>Alle ore 21, sempre nello spazio politica, l&#8217;iniziativa &#8220;Naturalmente per il lavoro &#8211; La crisi vista dalla Liguria&#8221; metter\u00e0 a confronto realt\u00e0 diverse colpite dalla crisi. Parteciperanno Fulvio Berruti, segretario FILCEM-CGIL Savona, Fulvio Briano, sindaco di Cairo Montenotte, Gianluigi Granero, presidente Legacoop Liguria, e Giulia Stella, segretaria CGIL Liguria; l&#8217;incontro sar\u00e0 moderato da Silvio Pirotto, responsabile Lavoro del Prc di Savona.<\/p>\n<p>Nello spazio spettacoli, alle 21, la scuola di Danza &#8220;Dani&#8221; di Quiliano offrir\u00e0 un saggio della sua eleganza. Sempre alle 21, ma nello spazio Rescio la serata sar\u00e0 dedicata ad Emergency: verr\u00e0 infatti proiettato il documentario &#8220;Domani torno a casa&#8221; di Fabrizio Lazzaretti e Paolo Santolini.<\/p>\n","protected":false},"excerpt":{"rendered":"<p>Savona. Stasera, mercoled\u00ec 8 agosto, alle ore 19, torner\u00e0 alla Festa di Liberazione, per il quarto anno consecutivo, Gian Carlo Caselli. Il Procuratore capo di Torino sar\u00e0 protagonista di &#8220;Naturalmente per la Costituzione &#8211; L&#8217;attualit\u00e0 della Carta&#8221;, l&#8217;incontro organizzato insieme al Comitato provinciale dell&#8217;Anpi. Con Caselli ci sar\u00e0 anche l&#8217;ex senatore Nanni Russo. A coordinare [&hellip;]<\/p>\n","protected":false},"author":13744,"featured_media":0,"comment_status":"open","ping_status":"closed","sticky":false,"template":"","format":"standard","meta":{"footnotes":""},"categories":[31],"tags":[8746,1735,576],"class_list":["post-222804","post","type-post","status-publish","format-standard","hentry","category-politica","tag-liberazione","tag-prc","tag-rifondazione","post_cat_citta-savona"],"amp_validity":null,"amp_enabled":true,"_links":{"self":[{"href":"https:\/\/staging.ivg.it\/ediapi\/wp\/v2\/posts\/222804","targetHints":{"allow":["GET"]}}],"collection":[{"href":"https:\/\/staging.ivg.it\/ediapi\/wp\/v2\/posts"}],"about":[{"href":"https:\/\/staging.ivg.it\/ediapi\/wp\/v2\/types\/post"}],"author":[{"embeddable":true,"href":"https:\/\/staging.ivg.it\/ediapi\/wp\/v2\/users\/13744"}],"replies":[{"embeddable":true,"href":"https:\/\/staging.ivg.it\/ediapi\/wp\/v2\/comments?post=222804"}],"version-history":[{"count":0,"href":"https:\/\/staging.ivg.it\/ediapi\/wp\/v2\/posts\/222804\/revisions"}],"wp:attachment":[{"href":"https:\/\/staging.ivg.it\/ediapi\/wp\/v2\/media?parent=222804"}],"wp:term":[{"taxonomy":"category","embeddable":true,"href":"https:\/\/staging.ivg.it\/ediapi\/wp\/v2\/categories?post=222804"},{"taxonomy":"post_tag","embeddable":true,"href":"https:\/\/staging.ivg.it\/ediapi\/wp\/v2\/tags?post=222804"}],"curies":[{"name":"wp","href":"https:\/\/api.w.org\/{rel}","templated":true}]}}