{"id":222651,"date":"2012-08-06T13:15:24","date_gmt":"2012-08-06T11:15:24","guid":{"rendered":"http:\/\/www.ivg.it\/?p=222651"},"modified":"2012-08-06T13:15:24","modified_gmt":"2012-08-06T11:15:24","slug":"savona-domani-sera-bruno-gambarotta-apre-gli-incontri-con-lautore-allo-scaletto-dei-libri","status":"publish","type":"post","link":"https:\/\/staging.ivg.it\/2012\/08\/savona-domani-sera-bruno-gambarotta-apre-gli-incontri-con-lautore-allo-scaletto-dei-libri\/","title":{"rendered":"Savona, domani sera Bruno Gambarotta apre gli incontri con l&#8217;autore allo Scaletto dei Libri"},"content":{"rendered":"<p><strong>Savona<\/strong>. Seconda edizione dello Scaletto dei Libri, presso lo Scaletto dei Pescatori delle Fornaci.<\/p>\n<p>Gi\u00e0lo scorso anno gli autori invitati avevano apprezzato questo scenario inconsueto e affascinante, in riva al mare in uno dei quartieri storici di Savona. Domani, marted\u00ec 7 agosto, alle ore 21, il protagonista del primo incontro previsto sar\u00e0 Bruno Gambarotta.<\/p>\n<p>Sar\u00e0 lui ad aprire gli incontri con l&#8217;autore in riva al mare, organizzati dal Comune di Savona, assessorato al Decentramento, insieme al Presidio del Libro di Savona, con la collaborazione dell&#8217;Associazione Amici dello Scaletto Furnaxi e della Societ\u00e0 di Mutuo Soccorso Fornaci.<\/p>\n<p>Il secondo appuntamento \u00e8 dedicato invece a Margherita Oggero, mercoled\u00ec 8 agosto. Entrambi gli incontri, ad ingresso libero, saranno presentati da Renata Parodi del Presidio del Libro.<\/p>\n<p>Bruno Gambarotta, nato ad Asti ma diventato torinese d&#8217;adozione, \u00e8 scrittore, giornalista, gourmet\u00a0 ed uomo di spettacolo. Come attore, ha interpretato film sul grande schermo e serie televisive, ha recitato in lingua ed in dialetto a teatro ed ha fatto cabaret; come giornalista, ha collaborato e collabora con L&#8217;Unit\u00e0, La Repubblica e La Stampa; come scrittore, ha pubblicato molti romanzi, gialli e non solo, sempre\u00a0 percorsi da una vena satirica o comica; come conduttore, si \u00e8 trovato a fianco di Fabio Fazio ed Adriano Celentano; come intenditore, ha scritto guide del buon mangiare e del buon bere.<\/p>\n<p>Citiamo solo, tra i suoi scritti, &#8220;Enciclopedia comica del diritto&#8221;, &#8220;Tutte le scuse sono buone per morire&#8221;, &#8220;Polli per sempre&#8221;, &#8220;Il codice Gianduiotto&#8221;, e l&#8217;ultimo romanzo, &#8220;Le ricette di Nefertiti&#8221;. In caso di maltempo gli incontri si terranno presso la Biblioteca della SMS Fornaci.<\/p>\n","protected":false},"excerpt":{"rendered":"<p>Savona. Seconda edizione dello Scaletto dei Libri, presso lo Scaletto dei Pescatori delle Fornaci. Gi\u00e0lo scorso anno gli autori invitati avevano apprezzato questo scenario inconsueto e affascinante, in riva al mare in uno dei quartieri storici di Savona. Domani, marted\u00ec 7 agosto, alle ore 21, il protagonista del primo incontro previsto sar\u00e0 Bruno Gambarotta. Sar\u00e0 [&hellip;]<\/p>\n","protected":false},"author":13744,"featured_media":0,"comment_status":"open","ping_status":"closed","sticky":false,"template":"","format":"standard","meta":{"footnotes":""},"categories":[],"tags":[85850,18193],"class_list":["post-222651","post","type-post","status-publish","format-standard","hentry","tag-savona","tag-scaletto-dei-pescatori","post_cat_citta-savona"],"amp_validity":null,"amp_enabled":true,"_links":{"self":[{"href":"https:\/\/staging.ivg.it\/ediapi\/wp\/v2\/posts\/222651","targetHints":{"allow":["GET"]}}],"collection":[{"href":"https:\/\/staging.ivg.it\/ediapi\/wp\/v2\/posts"}],"about":[{"href":"https:\/\/staging.ivg.it\/ediapi\/wp\/v2\/types\/post"}],"author":[{"embeddable":true,"href":"https:\/\/staging.ivg.it\/ediapi\/wp\/v2\/users\/13744"}],"replies":[{"embeddable":true,"href":"https:\/\/staging.ivg.it\/ediapi\/wp\/v2\/comments?post=222651"}],"version-history":[{"count":0,"href":"https:\/\/staging.ivg.it\/ediapi\/wp\/v2\/posts\/222651\/revisions"}],"wp:attachment":[{"href":"https:\/\/staging.ivg.it\/ediapi\/wp\/v2\/media?parent=222651"}],"wp:term":[{"taxonomy":"category","embeddable":true,"href":"https:\/\/staging.ivg.it\/ediapi\/wp\/v2\/categories?post=222651"},{"taxonomy":"post_tag","embeddable":true,"href":"https:\/\/staging.ivg.it\/ediapi\/wp\/v2\/tags?post=222651"}],"curies":[{"name":"wp","href":"https:\/\/api.w.org\/{rel}","templated":true}]}}