{"id":222648,"date":"2012-08-06T13:01:50","date_gmt":"2012-08-06T11:01:50","guid":{"rendered":"http:\/\/www.ivg.it\/?p=222648"},"modified":"2012-08-06T16:41:01","modified_gmt":"2012-08-06T14:41:01","slug":"pallanuoto-la-rari-nantes-savona-ha-deciso-difendera-la-len-euro-cup","status":"publish","type":"post","link":"https:\/\/staging.ivg.it\/2012\/08\/pallanuoto-la-rari-nantes-savona-ha-deciso-difendera-la-len-euro-cup\/","title":{"rendered":"Pallanuoto, la Rari Nantes Savona ha deciso: difender\u00e0 la Len Euro Cup"},"content":{"rendered":"<p><strong>Savona<\/strong>. La Rari Nantes Savona rompe il silenzio e rende nota la propria decisione definitiva: nella prossima stagione disputer\u00e0 la Len Euro Cup.<\/p>\n<p>I dirigenti biancorossi spiegano con un comunicato di aver &#8220;seguito con attenzione la posizione di vari clubs europei ed italiani in tema di partecipazione alle coppe europee, che potrebbero essere disertate in massa l&#8217;anno prossimo. Alla scadenza, inclusa la dilazione concessa per esprimere l&#8217;adesione, verificata l&#8217;assenza di proposte alternative, la societ\u00e0 savonese ha deciso di confermare la propria partecipazione alla Euro Cup (ex Coppa Len) 2012\/13&#8221;.<\/p>\n<p>&#8220;La scelta \u2013 proseguono -, sofferta per gli ingenti costi che la partecipazione alle coppe europee comporta, si lega strettamente alla politica di investimento e formazione dei giovani atleti su cui la societ\u00e0 sta realizzando un progetto di crescita ed ai quali verr\u00e0, quindi, offerta la possibilit\u00e0 di confrontarsi con squadre di livello europeo&#8221;.<\/p>\n<p>&#8220;La scelta &#8211; concludono &#8211; \u00e8 motivata altres\u00ec per garantire alla citt\u00e0 ed ai propri tifosi la presenza sulla scena europea, onorata fino ad oggi con risultati eccellenti&#8221;.<\/p>\n<p>I biancorossi, pertanto, potranno difendere il trofeo vinto gi\u00e0 tre volte, due delle quali consecutive nelle ultime due edizioni. Niente Champions League, invece, qualunque sia la decisione definitiva di Pro Recco e Brescia, le due aventi diritto, e del Posillipo, prima della lista tra le possibili sostitute delle italiane.<\/p>\n","protected":false},"excerpt":{"rendered":"<p>Savona. La Rari Nantes Savona rompe il silenzio e rende nota la propria decisione definitiva: nella prossima stagione disputer\u00e0 la Len Euro Cup. I dirigenti biancorossi spiegano con un comunicato di aver &#8220;seguito con attenzione la posizione di vari clubs europei ed italiani in tema di partecipazione alle coppe europee, che potrebbero essere disertate in [&hellip;]<\/p>\n","protected":false},"author":13744,"featured_media":0,"comment_status":"open","ping_status":"closed","sticky":false,"template":"","format":"standard","meta":{"footnotes":""},"categories":[32],"tags":[36262,166,165,85850],"class_list":["post-222648","post","type-post","status-publish","format-standard","hentry","category-sport","tag-len-euro-cup","tag-pallanuoto","tag-rari-nantes-savona","tag-savona","post_cat_citta-savona"],"amp_validity":null,"amp_enabled":true,"_links":{"self":[{"href":"https:\/\/staging.ivg.it\/ediapi\/wp\/v2\/posts\/222648","targetHints":{"allow":["GET"]}}],"collection":[{"href":"https:\/\/staging.ivg.it\/ediapi\/wp\/v2\/posts"}],"about":[{"href":"https:\/\/staging.ivg.it\/ediapi\/wp\/v2\/types\/post"}],"author":[{"embeddable":true,"href":"https:\/\/staging.ivg.it\/ediapi\/wp\/v2\/users\/13744"}],"replies":[{"embeddable":true,"href":"https:\/\/staging.ivg.it\/ediapi\/wp\/v2\/comments?post=222648"}],"version-history":[{"count":0,"href":"https:\/\/staging.ivg.it\/ediapi\/wp\/v2\/posts\/222648\/revisions"}],"wp:attachment":[{"href":"https:\/\/staging.ivg.it\/ediapi\/wp\/v2\/media?parent=222648"}],"wp:term":[{"taxonomy":"category","embeddable":true,"href":"https:\/\/staging.ivg.it\/ediapi\/wp\/v2\/categories?post=222648"},{"taxonomy":"post_tag","embeddable":true,"href":"https:\/\/staging.ivg.it\/ediapi\/wp\/v2\/tags?post=222648"}],"curies":[{"name":"wp","href":"https:\/\/api.w.org\/{rel}","templated":true}]}}