{"id":222647,"date":"2012-08-06T12:56:53","date_gmt":"2012-08-06T10:56:53","guid":{"rendered":"http:\/\/www.ivg.it\/?p=222647"},"modified":"2012-08-06T12:56:53","modified_gmt":"2012-08-06T10:56:53","slug":"balestrino-al-via-festival-teatrale-ideato-da-shel-shapiro","status":"publish","type":"post","link":"https:\/\/staging.ivg.it\/2012\/08\/balestrino-al-via-festival-teatrale-ideato-da-shel-shapiro\/","title":{"rendered":"Balestrino, al via festival teatrale ideato da Shel Shapiro"},"content":{"rendered":"<p><strong>Balestrino<\/strong>. Prende il via domani a Balestrino, nell&#8217;entroterra savonese, il primo festival di Teatro Contemporaneo voluto e ideato dal Shel Shapiro. Realizzato con il sostegno della Regione Liguria, il festival &#8220;Stars a Balestrino&#8221; \u00e8 alla sua prima edizione e proseguir\u00e0 fino a domenica prossima.<\/p>\n<p>Ad aprirlo domani, 7 agosto, \u00e8 lo spettacolo &#8220;I Venditori di Serenate&#8221;, di e con Annapaola Bardeloni, Nicola Calcagno, Stefan Gandolfo. La rassegna prosegue mercoled\u00ec 8 agosto con &#8220;La bambina che raccontava i film&#8221;, di Hernan Rivera Letier.<\/p>\n<p>Domenica 12 agosto l&#8217;atteso &#8220;Beatnix&#8221; di e con Shel Shapiro, che l&#8217;ex idolo dei Rokes ha scritto con Edmondo Berselli. In precedenza, salgono sul palco di Balestrino Roberto Petruzzelli (9 agosto) con &#8220;Mannaggia! Omaggio a Peppino De Nittis pittore&#8221;; Aida Talliente e Andrea Trapani con &#8220;Porco Mondo&#8221;, di Francesca Macr\u00ec (10 agosto); e Nicola Cavallari, Eleonora Giovanardi, Luca Ronga e Gianluca Soren con &#8216;Don Giovanni in carne e legno&#8217;, di Cavallari e Ronga (11 agosto).<\/p>\n","protected":false},"excerpt":{"rendered":"<p>Balestrino. Prende il via domani a Balestrino, nell&#8217;entroterra savonese, il primo festival di Teatro Contemporaneo voluto e ideato dal Shel Shapiro. Realizzato con il sostegno della Regione Liguria, il festival &#8220;Stars a Balestrino&#8221; \u00e8 alla sua prima edizione e proseguir\u00e0 fino a domenica prossima. Ad aprirlo domani, 7 agosto, \u00e8 lo spettacolo &#8220;I Venditori di [&hellip;]<\/p>\n","protected":false},"author":13744,"featured_media":0,"comment_status":"open","ping_status":"closed","sticky":false,"template":"","format":"standard","meta":{"footnotes":""},"categories":[],"tags":[85875,12819,490],"class_list":["post-222647","post","type-post","status-publish","format-standard","hentry","tag-balestrino","tag-shel-shapiro","tag-teatro","post_cat_citta-balestrino"],"amp_validity":null,"amp_enabled":true,"_links":{"self":[{"href":"https:\/\/staging.ivg.it\/ediapi\/wp\/v2\/posts\/222647","targetHints":{"allow":["GET"]}}],"collection":[{"href":"https:\/\/staging.ivg.it\/ediapi\/wp\/v2\/posts"}],"about":[{"href":"https:\/\/staging.ivg.it\/ediapi\/wp\/v2\/types\/post"}],"author":[{"embeddable":true,"href":"https:\/\/staging.ivg.it\/ediapi\/wp\/v2\/users\/13744"}],"replies":[{"embeddable":true,"href":"https:\/\/staging.ivg.it\/ediapi\/wp\/v2\/comments?post=222647"}],"version-history":[{"count":0,"href":"https:\/\/staging.ivg.it\/ediapi\/wp\/v2\/posts\/222647\/revisions"}],"wp:attachment":[{"href":"https:\/\/staging.ivg.it\/ediapi\/wp\/v2\/media?parent=222647"}],"wp:term":[{"taxonomy":"category","embeddable":true,"href":"https:\/\/staging.ivg.it\/ediapi\/wp\/v2\/categories?post=222647"},{"taxonomy":"post_tag","embeddable":true,"href":"https:\/\/staging.ivg.it\/ediapi\/wp\/v2\/tags?post=222647"}],"curies":[{"name":"wp","href":"https:\/\/api.w.org\/{rel}","templated":true}]}}