{"id":222339,"date":"2012-08-01T15:29:45","date_gmt":"2012-08-01T13:29:45","guid":{"rendered":"http:\/\/www.ivg.it\/?p=222339"},"modified":"2012-08-01T15:29:45","modified_gmt":"2012-08-01T13:29:45","slug":"teatro-della-tosse-protagonista-ad-albissola","status":"publish","type":"post","link":"https:\/\/staging.ivg.it\/2012\/08\/teatro-della-tosse-protagonista-ad-albissola\/","title":{"rendered":"Teatro della Tosse protagonista ad Albissola"},"content":{"rendered":"<p><strong>Albissola M.<\/strong> Domani il Teatro della Tosse protagonista in Piazza della Concordia, ad Albissola Marina, per un nuovo appuntamento della rassegna dedicata all&#8217;infanzia &#8220;Sogno e Realt\u00e0&#8221;, di Piazza della Concordia.<\/p>\n<p>&#8220;Gli incredibili viaggi di Mr. Gulliver&#8221; \u00e8 una nuova produzione del Teatro della Tosse ispirata al famoso romanzo del diciassettesimo secolo scritto da Jonathan Swift. &#8220;Gli incredibili viaggi di Mr. Gulliver&#8221; riprende la tradizione de \u201cIl teatro dei burattini di Luzzati e Cereseto\u201d, che nel corso degli anni ha fatto conoscere a generazioni di ragazzi le storie di Al\u00ec Bab\u00e0, Pulcinella e tanti altri personaggi della letteratura italiana e mondiale. L\u2019attore sar\u00e0 seguito in scena dai suoi burattini, che l\u2019accompagneranno nelle sue strampalate e sorprendenti avventure.<\/p>\n<p>Gulliver si presenter\u00e0 alla platea per rivelare le incredibili avventure che gli sono capitate durante i viaggi nei mari del sud. Racconter\u00e0 il naufragio sull\u2019isola di Lilliput e l\u2019incontro con i suoi minuscoli abitanti. Riferir\u00e0 delle loro bizzarre abitudini e dell\u2019annosa guerra contro gli abitanti di Blefusco a causa di una disputa sulle uova. Render\u00e0 gli spettatori partecipi e complici della rocambolesca e fortunosa fuga da Lilliput e del nuovo naufragio sull\u2019isola dei giganti, dove sar\u00e0 esibito come fenomeno da circo. Imprevisti, peripezie, risate e colpi di scena come in ogni buon racconto d\u2019avventura si susseguono in uno spettacolo che come nelle pagine di Swift non dimentica di ironizzare sulla stupidit\u00e0 dell\u2019uomo.<\/p>\n<p>Un piccolo mondo dove si muoveranno con facilit\u00e0 i personaggi creati da Paola Ratto. Tra invenzioni sceniche e avventure mozzafiato il pubblico pi\u00f9 giovane potr\u00e0 aiutare Gulliver a superare nel migliore dei modi le mille difficolt\u00e0 incontrate.<\/p>\n<p>Continua intanto anche per il mese di agosto, in collaborazione con la \u201cCompagnia Teatrale dell\u2019Immaginario\u201d di Albissola Marina, l\u2019appuntamento per i pi\u00f9 piccini con le &#8220;Favole di Pozzo Garitta&#8221;, ogni marted\u00ec alle ore 18.30 in Pozzo Garitta. L&#8217;ingresso \u00e8 gratuito.<\/p>\n","protected":false},"excerpt":{"rendered":"<p>Albissola M. Domani il Teatro della Tosse protagonista in Piazza della Concordia, ad Albissola Marina, per un nuovo appuntamento della rassegna dedicata all&#8217;infanzia &#8220;Sogno e Realt\u00e0&#8221;, di Piazza della Concordia. &#8220;Gli incredibili viaggi di Mr. Gulliver&#8221; \u00e8 una nuova produzione del Teatro della Tosse ispirata al famoso romanzo del diciassettesimo secolo scritto da Jonathan Swift. [&hellip;]<\/p>\n","protected":false},"author":13744,"featured_media":0,"comment_status":"open","ping_status":"closed","sticky":false,"template":"","format":"standard","meta":{"footnotes":""},"categories":[],"tags":[699,490],"class_list":["post-222339","post","type-post","status-publish","format-standard","hentry","tag-albissola","tag-teatro","post_cat_citta-albissola-marina"],"amp_validity":null,"amp_enabled":true,"_links":{"self":[{"href":"https:\/\/staging.ivg.it\/ediapi\/wp\/v2\/posts\/222339","targetHints":{"allow":["GET"]}}],"collection":[{"href":"https:\/\/staging.ivg.it\/ediapi\/wp\/v2\/posts"}],"about":[{"href":"https:\/\/staging.ivg.it\/ediapi\/wp\/v2\/types\/post"}],"author":[{"embeddable":true,"href":"https:\/\/staging.ivg.it\/ediapi\/wp\/v2\/users\/13744"}],"replies":[{"embeddable":true,"href":"https:\/\/staging.ivg.it\/ediapi\/wp\/v2\/comments?post=222339"}],"version-history":[{"count":0,"href":"https:\/\/staging.ivg.it\/ediapi\/wp\/v2\/posts\/222339\/revisions"}],"wp:attachment":[{"href":"https:\/\/staging.ivg.it\/ediapi\/wp\/v2\/media?parent=222339"}],"wp:term":[{"taxonomy":"category","embeddable":true,"href":"https:\/\/staging.ivg.it\/ediapi\/wp\/v2\/categories?post=222339"},{"taxonomy":"post_tag","embeddable":true,"href":"https:\/\/staging.ivg.it\/ediapi\/wp\/v2\/tags?post=222339"}],"curies":[{"name":"wp","href":"https:\/\/api.w.org\/{rel}","templated":true}]}}