{"id":222314,"date":"2012-08-01T10:47:29","date_gmt":"2012-08-01T08:47:29","guid":{"rendered":"http:\/\/www.ivg.it\/?p=222314"},"modified":"2012-08-01T10:57:32","modified_gmt":"2012-08-01T08:57:32","slug":"ad-alassio-i-45-anni-del-centro-pannunzio-premio-2012-al-giornalista-mario-giordano","status":"publish","type":"post","link":"https:\/\/staging.ivg.it\/2012\/08\/ad-alassio-i-45-anni-del-centro-pannunzio-premio-2012-al-giornalista-mario-giordano\/","title":{"rendered":"Ad Alassio i 45 anni del Centro Pannunzio: premio 2012 al giornalista Mario Giordano"},"content":{"rendered":"<p><strong>Ponente. <\/strong>Domenica 5 agosto, alle ore 21,30, sulla terrazza panoramica dell&#8217; Hotel Savoia di Alassio si apriranno ufficialmente le manifestazioni per i 45 anni del Centro Pannunzio, che si svolgono sotto l&#8217;Alto Patronato del Presidente della Repubblica. <\/p>\n<p>Il professor Pier Franco Quaglieni, docente,storico, direttore generale del Centro Pannunzio nazionale, Alassino d&#8217;oro 2007, consegner\u00e0 il \u201cPremio Pannunzio\u201d al giornalista scrittore Mario Giordano, direttore del Tg.Com 24, che parler\u00e0 anche del suo libro \u201cSanguisughe- Le pensioni d&#8217;oro che prosciugano le nostre tasche\u201d.<\/p>\n<p>Il coordinatore della sezione del Ponente Ligure del Centro Pannunzio Marco Servetto consegner\u00e0 una medaglia d&#8217;oro alla memoria di tre alassini benemeriti scomparsi nel 2011: il pittore Mario Berrino, lo storico alassino Antonio Carossino, il prof.Tomaso Schivo, docente, preside, poeta e scrittore. \u201cTre personaggi diversissimi &#8211; afferma Pier Franco Quaglieni &#8211; che hanno dato un esempio straordinario di attaccamento alla loro citt\u00e0 e alla cultura. Il nome di Berrino \u00e8 diventato internazionale per merito della sua arte apprezzata davvero nel mondo. Tutti e tre gli amici scomparsi hanno tenuto alto il nome di Alassio e la loro perdita si \u00e8 rivelata davvero incolmabile, preceduta di poco dalla immatura scomparsa del direttore della Biblioteca Roberto Baldassarre.<\/p>\n<p>Parteciperanno i condirettori generali del Centro Pannunzio dottoressa Anna Ricotti (che coordiner\u00e0 l&#8217;incontro) e ing. Dante Giordanengo. Terr\u00e0 il discorso inaugurale il prof. Pier Franco Quaglieni che, fra il resto, ricorder\u00e0 i soldati caduti nell&#8217; estate 1942 ad El Alamein ed Amedeo d&#8217;Aosta,Eroe dell&#8217;Amba Alagi, a settant&#8217;anni dalla morte in prigionia a Nairobi. Il discorso di Quaglieni toccher\u00e0 i temi della cultura e dell&#8217;impegno civile, ricordando &#8220;il giornalismo di Pannunzio del quale, nella crisi morale, politica ed economica attuale, ci sarebbe estremo bisogno: un giornalismo coraggioso e controcorrente, capace di grandi inchieste e mai succubo dei governi e del potere economico&#8221; evidenzia Quaglieni.<\/p>\n<p>Aggiunge Marco Servetto: \u201cVogliamo ringraziare per l&#8217;ospitalit\u00e0 la famiglia Bajardo che con grande signorilit\u00e0, in nome anche di un&#8217;antica amicizia con il professor Quaglieni, ha posto l&#8217;hotel Savoia a disposizione del Centro Pannunzio a titolo gratuito un bell&#8217;esempio di sensibilit\u00e0 alla cultura che fa onore all&#8217;hotel Savoia. Si tratter\u00e0 dell&#8217;evento culturale pi\u00f9 importante dell&#8217;agosto alassino e che sta suscitando interesse in tutto il Ponente e il basso Piemonte da dove ci arrivano numerose richieste a partecipare . Molti turisti sono interessati all&#8217;evento ed anche loro saranno i benvenuti. Accoglieremo tutti fino all&#8217;esaurimento dei posti disponibili\u201d. <\/p>\n","protected":false},"excerpt":{"rendered":"<p>Ponente. Domenica 5 agosto, alle ore 21,30, sulla terrazza panoramica dell&#8217; Hotel Savoia di Alassio si apriranno ufficialmente le manifestazioni per i 45 anni del Centro Pannunzio, che si svolgono sotto l&#8217;Alto Patronato del Presidente della Repubblica. Il professor Pier Franco Quaglieni, docente,storico, direttore generale del Centro Pannunzio nazionale, Alassino d&#8217;oro 2007, consegner\u00e0 il \u201cPremio [&hellip;]<\/p>\n","protected":false},"author":13744,"featured_media":0,"comment_status":"open","ping_status":"closed","sticky":false,"template":"","format":"standard","meta":{"footnotes":""},"categories":[],"tags":[85824,32762,25441],"class_list":["post-222314","post","type-post","status-publish","format-standard","hentry","tag-alassio","tag-mario-giordano","tag-pannunzio","post_cat_citta-alassio","post_cat_citta-andora"],"amp_validity":null,"amp_enabled":true,"_links":{"self":[{"href":"https:\/\/staging.ivg.it\/ediapi\/wp\/v2\/posts\/222314","targetHints":{"allow":["GET"]}}],"collection":[{"href":"https:\/\/staging.ivg.it\/ediapi\/wp\/v2\/posts"}],"about":[{"href":"https:\/\/staging.ivg.it\/ediapi\/wp\/v2\/types\/post"}],"author":[{"embeddable":true,"href":"https:\/\/staging.ivg.it\/ediapi\/wp\/v2\/users\/13744"}],"replies":[{"embeddable":true,"href":"https:\/\/staging.ivg.it\/ediapi\/wp\/v2\/comments?post=222314"}],"version-history":[{"count":0,"href":"https:\/\/staging.ivg.it\/ediapi\/wp\/v2\/posts\/222314\/revisions"}],"wp:attachment":[{"href":"https:\/\/staging.ivg.it\/ediapi\/wp\/v2\/media?parent=222314"}],"wp:term":[{"taxonomy":"category","embeddable":true,"href":"https:\/\/staging.ivg.it\/ediapi\/wp\/v2\/categories?post=222314"},{"taxonomy":"post_tag","embeddable":true,"href":"https:\/\/staging.ivg.it\/ediapi\/wp\/v2\/tags?post=222314"}],"curies":[{"name":"wp","href":"https:\/\/api.w.org\/{rel}","templated":true}]}}