{"id":222312,"date":"2012-08-01T10:32:36","date_gmt":"2012-08-01T08:32:36","guid":{"rendered":"http:\/\/www.ivg.it\/?p=222312"},"modified":"2012-08-01T15:15:20","modified_gmt":"2012-08-01T13:15:20","slug":"sanita-dopo-albenga-anche-la-val-bormida-prepara-la-marcia-per-lospedale-sara-il-22-settembre","status":"publish","type":"post","link":"https:\/\/staging.ivg.it\/2012\/08\/sanita-dopo-albenga-anche-la-val-bormida-prepara-la-marcia-per-lospedale-sara-il-22-settembre\/","title":{"rendered":"Sanit\u00e0, dopo Albenga anche la Val Bormida prepara la &#8220;marcia&#8221; per l&#8217;ospedale: sar\u00e0 il 22 settembre"},"content":{"rendered":"<p><strong>Val Bormida.<\/strong> Dopo la marcia per l\u2019ospedale di Albenga anche la Val Bormida si prepara alla mobilitazione in difesa del nosocomio San Giuseppe per il quale si prevede un declassamento del pronto soccorso a centro di primo intervento. Alla manifestazione ingauna di ieri sera ha preso parte anche una delegazione del Comitato Sanitario Locale Valbormida, in segno di solidariet\u00e0 con il comprensorio ingauno che, alla stregua di quello valbormidese, verrebbe penalizzato da una depotenziamento dell\u2019ospedale.<\/p>\n<p>\u201cIn quella occasione ribadiremo il nostro no alla chiusura del pronto soccorso di Cairo Montenotte, ma soprattutto diremo no alla politica della Regione Liguria che per risparmiare taglia i servizi sanitari periferici, non solo in Valbormida, ma anche ad Albenga, Sestri Ponente, Bordighera, con l&#8217;obiettivo di far pagare la crisi a chi ha gi\u00e0 poco, mantenendo privilegi e centri di spreco per chi ha gi\u00e0 tanto. Inviteremo alla manifestazione anche le delegazioni dei Comitati sanitari e delle associazioni degli altri territori liguri colpiti dai tagli al pronto soccorso, in modo tale da inviare a Genova un messaggio unitario\u201d.<\/p>\n<p>&#8220;La manifestazione si terr\u00e0 il prossimo 22 settembre e sar\u00e0 anche l&#8217;occasione per ribadire la volont\u00e0 della Val Bormida di continuare a vivere in un territorio dove il lavoro e la tutela dell&#8217;ambiente e della salute sono obiettivi irrinunciabili&#8221;  si legge in una nota. <\/p>\n<p>&#8220;Chiediamo un piano di intervento pubblico che permetta di monitorare e migliorare la precaria qualit\u00e0 dell&#8217;aria e la salute dei cittadini Valbormidesi, evitando l&#8217;apertura di nuove industrie con scarichi altamente inquinanti in atmosfera e nelle acque. E&#8217; prioritario creare in Val Bormida nuovi posti di lavoro in impianti a basso impatto ambientale che vadano a sostituire quelli persi nei decenni recenti con la ristrutturazione dell&#8217;industria chimica\u201d aggiunge l&#8217;associazione ambientalista Are.<\/p>\n","protected":false},"excerpt":{"rendered":"<p>Val Bormida. Dopo la marcia per l\u2019ospedale di Albenga anche la Val Bormida si prepara alla mobilitazione in difesa del nosocomio San Giuseppe per il quale si prevede un declassamento del pronto soccorso a centro di primo intervento. Alla manifestazione ingauna di ieri sera ha preso parte anche una delegazione del Comitato Sanitario Locale Valbormida, [&hellip;]<\/p>\n","protected":false},"author":13744,"featured_media":0,"comment_status":"open","ping_status":"closed","sticky":false,"template":"","format":"standard","meta":{"footnotes":""},"categories":[],"tags":[151,14380,890],"class_list":["post-222312","post","type-post","status-publish","format-standard","hentry","tag-cairo","tag-ospedale-cairo","tag-val-bormida","post_cat_citta-andora","post_cat_citta-cairo-montenotte"],"amp_validity":null,"amp_enabled":true,"_links":{"self":[{"href":"https:\/\/staging.ivg.it\/ediapi\/wp\/v2\/posts\/222312","targetHints":{"allow":["GET"]}}],"collection":[{"href":"https:\/\/staging.ivg.it\/ediapi\/wp\/v2\/posts"}],"about":[{"href":"https:\/\/staging.ivg.it\/ediapi\/wp\/v2\/types\/post"}],"author":[{"embeddable":true,"href":"https:\/\/staging.ivg.it\/ediapi\/wp\/v2\/users\/13744"}],"replies":[{"embeddable":true,"href":"https:\/\/staging.ivg.it\/ediapi\/wp\/v2\/comments?post=222312"}],"version-history":[{"count":0,"href":"https:\/\/staging.ivg.it\/ediapi\/wp\/v2\/posts\/222312\/revisions"}],"wp:attachment":[{"href":"https:\/\/staging.ivg.it\/ediapi\/wp\/v2\/media?parent=222312"}],"wp:term":[{"taxonomy":"category","embeddable":true,"href":"https:\/\/staging.ivg.it\/ediapi\/wp\/v2\/categories?post=222312"},{"taxonomy":"post_tag","embeddable":true,"href":"https:\/\/staging.ivg.it\/ediapi\/wp\/v2\/tags?post=222312"}],"curies":[{"name":"wp","href":"https:\/\/api.w.org\/{rel}","templated":true}]}}