{"id":222310,"date":"2012-08-01T10:41:34","date_gmt":"2012-08-01T08:41:34","guid":{"rendered":"http:\/\/www.ivg.it\/?p=222310"},"modified":"2012-08-01T11:37:21","modified_gmt":"2012-08-01T09:37:21","slug":"con-lo-spettacolo-di-balbontin-e-ceccon-entra-nel-vivo-loano-cabaret","status":"publish","type":"post","link":"https:\/\/staging.ivg.it\/2012\/08\/con-lo-spettacolo-di-balbontin-e-ceccon-entra-nel-vivo-loano-cabaret\/","title":{"rendered":"Con lo spettacolo di Balbontin e Ceccon entra nel vivo &#8220;Loano Cabaret&#8221;"},"content":{"rendered":"<p><strong>Loano<\/strong>. Promette divertimento la rassegna Loano Cabaret, che quest\u2019anno propone tre serate ad agosto in compagnia di personaggi noti del cabaret nazionale. Sul palco, a proporre le battute e le gag pi\u00f9 divertenti del loro repertorio, saranno la coppia Andrea Ceccon ed Enrique Balbontin, Fabrizio Fontana e I Senso D\u2019Oppio, Claudio Lauretta.<\/p>\n<p>Sar\u00e0 con lo spettacolo \u201cTorta di riso fambl\u00e8&#8221; di Andrea Ceccon ed Enrique Balbontin che, venerd\u00ec 3 agosto, alle ore 21, nell\u2019Arena estiva Giardino del Principe, si entrer\u00e0 nel vivo della rassegna. Lo show propone nuovi personaggi mescolati ad alcuni &#8220;cavalli di battaglia&#8221; dei due comici. Fra le novit\u00e0 della &#8220;coppia di fatti&#8221; in scena, ci saranno le &#8220;Ombre palesi&#8221; teatrino di ombre cinesi piuttosto basiche, i &#8220;Lisci espliciti&#8221; di Ceccon, il punkabbestia col cane Sklero di Balbontin e in coppia gli &#8220;Andalusi Oriundo y Farrabundo&#8221; i &#8220;Gialli da un minuto&#8221; e i \u00a0&#8220;Rap dei Gemelli di m\u2026.a&#8221;.<\/p>\n<p>Non mancheranno i classici del duo: le lezioni di savonese, il maestro di filosofia Rabartha, il guru giapponese del karaoke Minkiu Pegas\u00f9, i cantori portasfiga Fratelli Palinka. Balbontin &amp; Ceccon non saranno soli; sul palco anche Master Fl\u00e0 (Flavio Isopo) che distribuir\u00e0 perle di saggezza del calibro di &#8220;Va bene essere brutti ma tu te ne approfitti&#8221; e il Mago Osvaldo (Osvaldo Balicco) con incredibili magie naif.<\/p>\n<p>La prevendita dei biglietti di Loano Cabaret \u00e8 attiva da Lollipop dischi (Via Garibaldi 64, Loano, tel. 019.675488) o sul sito: www.happyticket.it. Costo biglietto: Intero \u20ac 8,00- Ridotto \u20ac 6,00 (minori 18 anni \u2013 maggiori 70 anni). Bambini sotto i 12 anni, ingresso gratuito. Diritto di prevendita \u20ac1,20.<\/p>\n","protected":false},"excerpt":{"rendered":"<p>Loano. Promette divertimento la rassegna Loano Cabaret, che quest\u2019anno propone tre serate ad agosto in compagnia di personaggi noti del cabaret nazionale. Sul palco, a proporre le battute e le gag pi\u00f9 divertenti del loro repertorio, saranno la coppia Andrea Ceccon ed Enrique Balbontin, Fabrizio Fontana e I Senso D\u2019Oppio, Claudio Lauretta. Sar\u00e0 con lo [&hellip;]<\/p>\n","protected":false},"author":13744,"featured_media":0,"comment_status":"open","ping_status":"closed","sticky":false,"template":"","format":"standard","meta":{"footnotes":""},"categories":[],"tags":[85827,11243],"class_list":["post-222310","post","type-post","status-publish","format-standard","hentry","tag-loano","tag-loano-cabaret","post_cat_citta-loano"],"amp_validity":null,"amp_enabled":true,"_links":{"self":[{"href":"https:\/\/staging.ivg.it\/ediapi\/wp\/v2\/posts\/222310","targetHints":{"allow":["GET"]}}],"collection":[{"href":"https:\/\/staging.ivg.it\/ediapi\/wp\/v2\/posts"}],"about":[{"href":"https:\/\/staging.ivg.it\/ediapi\/wp\/v2\/types\/post"}],"author":[{"embeddable":true,"href":"https:\/\/staging.ivg.it\/ediapi\/wp\/v2\/users\/13744"}],"replies":[{"embeddable":true,"href":"https:\/\/staging.ivg.it\/ediapi\/wp\/v2\/comments?post=222310"}],"version-history":[{"count":0,"href":"https:\/\/staging.ivg.it\/ediapi\/wp\/v2\/posts\/222310\/revisions"}],"wp:attachment":[{"href":"https:\/\/staging.ivg.it\/ediapi\/wp\/v2\/media?parent=222310"}],"wp:term":[{"taxonomy":"category","embeddable":true,"href":"https:\/\/staging.ivg.it\/ediapi\/wp\/v2\/categories?post=222310"},{"taxonomy":"post_tag","embeddable":true,"href":"https:\/\/staging.ivg.it\/ediapi\/wp\/v2\/tags?post=222310"}],"curies":[{"name":"wp","href":"https:\/\/api.w.org\/{rel}","templated":true}]}}