{"id":222270,"date":"2012-07-31T17:22:22","date_gmt":"2012-07-31T15:22:22","guid":{"rendered":"http:\/\/www.ivg.it\/?p=222270"},"modified":"2012-07-31T17:22:22","modified_gmt":"2012-07-31T15:22:22","slug":"costa-al-via-progetto-crociera-sostenibile-con-programma-ue","status":"publish","type":"post","link":"https:\/\/staging.ivg.it\/2012\/07\/costa-al-via-progetto-crociera-sostenibile-con-programma-ue\/","title":{"rendered":"Costa: al via progetto &#8220;Crociera Sostenibile&#8221; con programma Ue"},"content":{"rendered":"<p><strong>Regione<\/strong>. Entra nel vivo delle sue attivit\u00e0 &#8220;Sustainable Cruise&#8221;, progetto co-finanziato dalla Commissione Europea attraverso il Programma LIFE+, lo strumento finanziario dell&#8217;Unione Europea che sostiene le azioni per la salvaguardia dell&#8217;ambiente.<\/p>\n<p>Capofila del progetto \u00e8 Costa Crociere, che lo ha ideato e proposto all&#8217;Unione Europea insieme a Ce.Si.S.P. (Centro interuniversitario per lo Sviluppo della Sostenibilit\u00e0 dei Prodotti). L&#8217;obiettivo \u00e8 quello di dare un pi\u00f9 forte impulso all&#8217;applicazione della direttiva comunitaria sui rifiuti nei settori crocieristico e navale, incentivando la riduzione, la raccolta differenziata, il riutilizzo, il riciclo e il recupero.<\/p>\n<p>Costa Pacifica (114.500 tonnellate di stazza e 3.780 Ospiti totali), costruita nel cantiere di Genova-Sestri Ponente ed entrata in servizio a fine maggio 2009, \u00e8 la &#8220;nave pilota&#8221; scelta per il progetto su cui si sperimentano, per la prima volta nel settore marittimo, modelli di gestione e tecnologie innovative su tre tipologie specifiche di rifiuti: gli imballaggi, i rifiuti biologici e la carta.<\/p>\n","protected":false},"excerpt":{"rendered":"<p>Regione. Entra nel vivo delle sue attivit\u00e0 &#8220;Sustainable Cruise&#8221;, progetto co-finanziato dalla Commissione Europea attraverso il Programma LIFE+, lo strumento finanziario dell&#8217;Unione Europea che sostiene le azioni per la salvaguardia dell&#8217;ambiente. Capofila del progetto \u00e8 Costa Crociere, che lo ha ideato e proposto all&#8217;Unione Europea insieme a Ce.Si.S.P. (Centro interuniversitario per lo Sviluppo della Sostenibilit\u00e0 [&hellip;]<\/p>\n","protected":false},"author":13744,"featured_media":0,"comment_status":"open","ping_status":"closed","sticky":false,"template":"","format":"standard","meta":{"footnotes":""},"categories":[35],"tags":[1077,412,4503],"class_list":["post-222270","post","type-post","status-publish","format-standard","hentry","category-economia","tag-costa","tag-costa-crociere","tag-crociere","post_cat_citta-andora"],"amp_validity":null,"amp_enabled":true,"_links":{"self":[{"href":"https:\/\/staging.ivg.it\/ediapi\/wp\/v2\/posts\/222270","targetHints":{"allow":["GET"]}}],"collection":[{"href":"https:\/\/staging.ivg.it\/ediapi\/wp\/v2\/posts"}],"about":[{"href":"https:\/\/staging.ivg.it\/ediapi\/wp\/v2\/types\/post"}],"author":[{"embeddable":true,"href":"https:\/\/staging.ivg.it\/ediapi\/wp\/v2\/users\/13744"}],"replies":[{"embeddable":true,"href":"https:\/\/staging.ivg.it\/ediapi\/wp\/v2\/comments?post=222270"}],"version-history":[{"count":0,"href":"https:\/\/staging.ivg.it\/ediapi\/wp\/v2\/posts\/222270\/revisions"}],"wp:attachment":[{"href":"https:\/\/staging.ivg.it\/ediapi\/wp\/v2\/media?parent=222270"}],"wp:term":[{"taxonomy":"category","embeddable":true,"href":"https:\/\/staging.ivg.it\/ediapi\/wp\/v2\/categories?post=222270"},{"taxonomy":"post_tag","embeddable":true,"href":"https:\/\/staging.ivg.it\/ediapi\/wp\/v2\/tags?post=222270"}],"curies":[{"name":"wp","href":"https:\/\/api.w.org\/{rel}","templated":true}]}}