{"id":222243,"date":"2012-07-31T14:09:24","date_gmt":"2012-07-31T12:09:24","guid":{"rendered":"http:\/\/www.ivg.it\/?p=222243"},"modified":"2012-07-31T16:46:58","modified_gmt":"2012-07-31T14:46:58","slug":"fallimento-fac-vesco-svuotata-delle-passivita-potra-ripartire-con-un-imprenditore-solido","status":"publish","type":"post","link":"https:\/\/staging.ivg.it\/2012\/07\/fallimento-fac-vesco-svuotata-delle-passivita-potra-ripartire-con-un-imprenditore-solido\/","title":{"rendered":"Fallimento Fac, Vesco: &#8220;Svuotata delle passivit\u00e0, potr\u00e0 ripartire con un imprenditore solido&#8221;"},"content":{"rendered":"<p><strong>Albisola Superiore<\/strong>. La sentenza di fallimento pesa come un macigno sulla storia gloriosa della Fac, ma la procedura ora alleggerisce le via per il subentro di un nuovo imprenditore e, considerata la portata comunque competitiva del complesso, l&#8217;azienda svuotata delle passivit\u00e0 \u00e8 finalmente appetibile per gli investitori.<\/p>\n<p>L&#8217;assessore regionale Enrico Vesco sottolinea: &#8220;E&#8217; stata una scelta inevitabile, che il tribunale ha valutato con grande attenzione. Lo stato di passivit\u00e0 e le ingiunzioni non potevano che portare alla soluzione del fallimento. Ora \u00e8 opportuno nominare rapidamente il curatore, con cui prender\u00f2 subito contatto. Abbiamo seguito passo dopo passo questa vicenda, che merita attenzione anche perch\u00e9 ci sono ancora delle possibilit\u00e0 per questa fabbrica che mantiene capacit\u00e0 produttiva e maestranze con elevate capacit\u00e0&#8221;.<\/p>\n<p>Dopo mesi di incertezze e sofferenze per circa 150 lavoratori, \u00e8 arrivata la pronuncia di fallimento per l&#8217;azienda albisolese specializzata in tazzine e oggetti di porcellana. &#8220;I lavoratori hanno mostrato straordinario attaccamento all&#8217;azienda, anche nella fase di occupazione &#8211; prosegue Vesco &#8211; L&#8217;obiettivo ovviamente \u00e8 quello di ripartire con un imprenditore solido, competente e capace. Dal punto di vista tecnico riconvocher\u00e0 le organizzazioni sindacali con il curatore; sopravvenuto il fallimento, \u00e8 necessario cambiare le motivazione della cassa integrazione&#8221;.<\/p>\n<p>&#8220;La nuova cassa integrazione coprir\u00e0 un anno a partire da adesso e conto che ci siano condivisione da parte del Ministero. La fabbrica \u00e8 e rimane competitiva. Il fallimento semplifica il subentro di un nuovo imprenditore, che ora pu\u00f2 rilevare un&#8217;azienda importante svuotata delle passivit\u00e0. E&#8217; comune intento della Regione e del Comune di Albisola riattivare la prospettiva industriale e occupazionale nei tempi pi\u00f9 brevi&#8221; conclude l&#8217;assessore regionale.<\/p>\n<p>Domani \u00e8 prevista un&#8217;assemblea dei lavoratori e si dovr\u00e0 affrontare anche l&#8217;aspetto della cassa integrazione che dovr\u00e0 essere rimodulato. &#8220;Certo ora la situazione si complica ma speriamo che una volta toccato il fondo ci siano le condizioni per un rilancio dell&#8217;azienda. Meglio un fallimento che la chiusura definitiva del sito. Anche se si tratta pur sempre di un&#8217;amara consolazione&#8221; ha sottolineato Fulvio Berruti della Filctem. <\/p>\n","protected":false},"excerpt":{"rendered":"<p>Albisola Superiore. La sentenza di fallimento pesa come un macigno sulla storia gloriosa della Fac, ma la procedura ora alleggerisce le via per il subentro di un nuovo imprenditore e, considerata la portata comunque competitiva del complesso, l&#8217;azienda svuotata delle passivit\u00e0 \u00e8 finalmente appetibile per gli investitori. L&#8217;assessore regionale Enrico Vesco sottolinea: &#8220;E&#8217; stata una [&hellip;]<\/p>\n","protected":false},"author":13744,"featured_media":0,"comment_status":"open","ping_status":"closed","sticky":false,"template":"","format":"standard","meta":{"footnotes":""},"categories":[35,31],"tags":[432,907,7268,6116,295],"class_list":["post-222243","post","type-post","status-publish","format-standard","hentry","category-economia","category-politica","tag-albisola","tag-enrico-vesco","tag-fac","tag-fallimento","tag-regione","post_cat_citta-albisola-superiore"],"amp_validity":null,"amp_enabled":true,"_links":{"self":[{"href":"https:\/\/staging.ivg.it\/ediapi\/wp\/v2\/posts\/222243","targetHints":{"allow":["GET"]}}],"collection":[{"href":"https:\/\/staging.ivg.it\/ediapi\/wp\/v2\/posts"}],"about":[{"href":"https:\/\/staging.ivg.it\/ediapi\/wp\/v2\/types\/post"}],"author":[{"embeddable":true,"href":"https:\/\/staging.ivg.it\/ediapi\/wp\/v2\/users\/13744"}],"replies":[{"embeddable":true,"href":"https:\/\/staging.ivg.it\/ediapi\/wp\/v2\/comments?post=222243"}],"version-history":[{"count":0,"href":"https:\/\/staging.ivg.it\/ediapi\/wp\/v2\/posts\/222243\/revisions"}],"wp:attachment":[{"href":"https:\/\/staging.ivg.it\/ediapi\/wp\/v2\/media?parent=222243"}],"wp:term":[{"taxonomy":"category","embeddable":true,"href":"https:\/\/staging.ivg.it\/ediapi\/wp\/v2\/categories?post=222243"},{"taxonomy":"post_tag","embeddable":true,"href":"https:\/\/staging.ivg.it\/ediapi\/wp\/v2\/tags?post=222243"}],"curies":[{"name":"wp","href":"https:\/\/api.w.org\/{rel}","templated":true}]}}