{"id":222242,"date":"2012-07-31T14:32:58","date_gmt":"2012-07-31T12:32:58","guid":{"rendered":"http:\/\/www.ivg.it\/?p=222242"},"modified":"2012-07-31T18:08:19","modified_gmt":"2012-07-31T16:08:19","slug":"manifestazione-pro-ospedale-albenga-navetta-gratuita-tpl","status":"publish","type":"post","link":"https:\/\/staging.ivg.it\/2012\/07\/manifestazione-pro-ospedale-albenga-navetta-gratuita-tpl\/","title":{"rendered":"Manifestazione pro-ospedale Albenga: navetta gratuita Tpl"},"content":{"rendered":"<p><strong>Albenga<\/strong>. In occasione della manifestazione \u201cAbbracciamo l\u2019Ospedale\u201d organizzata dal Distretto Socio Sanitario Albenganese e dalla P.A. Croce Bianca per questa sera, a seguito delle numerosissime adesioni e della grande affluenza prevista, sar\u00e0 allestito un servizio straordinario di bus navetta da parte dell\u2019azienda Tpl.<\/p>\n<p>A partire dalle ore 19, per tutta la sera, sar\u00e0 disponibile un mezzo della TPL che effettuer\u00e0 percorso continuo nelle strade periferiche e parallele al percorso, nonch\u00e9 nei diversi punti parcheggio suggeriti dagli organizzatori: parcheggio del casello autostradale, parcheggio Stadio \u201cAnnibale Riva\u201d, via al Piemonte, Piazza del Popolo, Viale Martiri della Foce.<\/p>\n<p>\u201cAbbiamo chiesto espressamente questo favore alla Tpl, che ringraziamo per la disponibilit\u00e0, data la straordinariet\u00e0 della manifestazione e l\u2019enorme partecipazione popolare prevista &#8211; dichiara il sindaco Rosy Guarnieri &#8211; In questo modo, i partecipanti potranno posteggiare tranquillamente nelle zone periferiche senza creare disagi o intasamenti del traffico nel centro cittadino. Invitiamo i manifestanti a servirsi il pi\u00f9 possibile di mezzi pubblici per raggiungere Albenga e, per chi verr\u00e0 con mezzi propri, di posteggiarli nei luoghi indicati dal comitato organizzatore\u201d.<\/p>\n","protected":false},"excerpt":{"rendered":"<p>Albenga. In occasione della manifestazione \u201cAbbracciamo l\u2019Ospedale\u201d organizzata dal Distretto Socio Sanitario Albenganese e dalla P.A. Croce Bianca per questa sera, a seguito delle numerosissime adesioni e della grande affluenza prevista, sar\u00e0 allestito un servizio straordinario di bus navetta da parte dell\u2019azienda Tpl. A partire dalle ore 19, per tutta la sera, sar\u00e0 disponibile un [&hellip;]<\/p>\n","protected":false},"author":13744,"featured_media":0,"comment_status":"open","ping_status":"closed","sticky":false,"template":"","format":"standard","meta":{"footnotes":""},"categories":[35],"tags":[85841,872,6164],"class_list":["post-222242","post","type-post","status-publish","format-standard","hentry","category-economia","tag-albenga","tag-ospedale","tag-tpl","post_cat_citta-albenga"],"amp_validity":null,"amp_enabled":true,"_links":{"self":[{"href":"https:\/\/staging.ivg.it\/ediapi\/wp\/v2\/posts\/222242","targetHints":{"allow":["GET"]}}],"collection":[{"href":"https:\/\/staging.ivg.it\/ediapi\/wp\/v2\/posts"}],"about":[{"href":"https:\/\/staging.ivg.it\/ediapi\/wp\/v2\/types\/post"}],"author":[{"embeddable":true,"href":"https:\/\/staging.ivg.it\/ediapi\/wp\/v2\/users\/13744"}],"replies":[{"embeddable":true,"href":"https:\/\/staging.ivg.it\/ediapi\/wp\/v2\/comments?post=222242"}],"version-history":[{"count":0,"href":"https:\/\/staging.ivg.it\/ediapi\/wp\/v2\/posts\/222242\/revisions"}],"wp:attachment":[{"href":"https:\/\/staging.ivg.it\/ediapi\/wp\/v2\/media?parent=222242"}],"wp:term":[{"taxonomy":"category","embeddable":true,"href":"https:\/\/staging.ivg.it\/ediapi\/wp\/v2\/categories?post=222242"},{"taxonomy":"post_tag","embeddable":true,"href":"https:\/\/staging.ivg.it\/ediapi\/wp\/v2\/tags?post=222242"}],"curies":[{"name":"wp","href":"https:\/\/api.w.org\/{rel}","templated":true}]}}