{"id":222239,"date":"2012-07-31T13:09:35","date_gmt":"2012-07-31T11:09:35","guid":{"rendered":"http:\/\/www.ivg.it\/?p=222239"},"modified":"2012-07-31T22:26:31","modified_gmt":"2012-07-31T20:26:31","slug":"calcio-la-veloce-e-pronta-per-la-nuova-stagione-venerdi-la-presentazione","status":"publish","type":"post","link":"https:\/\/staging.ivg.it\/2012\/07\/calcio-la-veloce-e-pronta-per-la-nuova-stagione-venerdi-la-presentazione\/","title":{"rendered":"Calcio, la Veloce \u00e8 pronta per la nuova stagione: venerd\u00ec la presentazione"},"content":{"rendered":"<p><strong>Savona<\/strong>. La Veloce \u00e8 pronta per la stagione 2012\/13. La prima squadra granata si presenter\u00e0 venerd\u00ec 3 agosto alle ore 18,30 presso la sede di via Tissone, alla presenza del sindaco di Savona Federico Berruti.<\/p>\n<p>La societ\u00e0 del presidente Giorgio Levo e del direttore sportivo Fulvio Berruti prender\u00e0 parte al prossimo campionato di Eccellenza e sar\u00e0 ancora guidata da Gianfranco Pusceddu.<\/p>\n<p>Di seguito, l&#8217;attuale rosa giocatori, composta da 23 elementi.<\/p>\n<p>Portieri: Luca Giribaldi (classe 1988), Roberto Maina (1973). Difensori: Tiziano Glauda (1980), Marco Pesce (1984), Danilo Costantino (1992), Matteo Rubino (1992), Andrej Hublina (1995), Gianluca Sala (1988), Luca Doffo (1992), Andrea Grasso (1995), Davide Gaggero (1994). Centrocampisti: Gianluca Gagliostro (1995), Giuliano Bresci (1984), Matteo Piana (1991), Mario Shurdhaj (1992), Simone Schirra (1991), Gabriele Tobanelli (1995), Andrea Basso (1985). Attaccanti: Davide Girgenti (1981), Riccardo Quintavalle (1980), Manuel Galiano (1992), Diego Alessi (1982), Rodolfo Daltoe (1993).<\/p>\n","protected":false},"excerpt":{"rendered":"<p>Savona. La Veloce \u00e8 pronta per la stagione 2012\/13. La prima squadra granata si presenter\u00e0 venerd\u00ec 3 agosto alle ore 18,30 presso la sede di via Tissone, alla presenza del sindaco di Savona Federico Berruti. La societ\u00e0 del presidente Giorgio Levo e del direttore sportivo Fulvio Berruti prender\u00e0 parte al prossimo campionato di Eccellenza e [&hellip;]<\/p>\n","protected":false},"author":18,"featured_media":0,"comment_status":"open","ping_status":"closed","sticky":false,"template":"","format":"standard","meta":{"footnotes":""},"categories":[32],"tags":[85989,569,31914,34390,85850],"class_list":["post-222239","post","type-post","status-publish","format-standard","hentry","category-sport","tag-calcio","tag-eccellenza","tag-fbc-veloce","tag-giorgio-levo","tag-savona","post_cat_citta-savona"],"amp_validity":null,"amp_enabled":true,"_links":{"self":[{"href":"https:\/\/staging.ivg.it\/ediapi\/wp\/v2\/posts\/222239","targetHints":{"allow":["GET"]}}],"collection":[{"href":"https:\/\/staging.ivg.it\/ediapi\/wp\/v2\/posts"}],"about":[{"href":"https:\/\/staging.ivg.it\/ediapi\/wp\/v2\/types\/post"}],"author":[{"embeddable":true,"href":"https:\/\/staging.ivg.it\/ediapi\/wp\/v2\/users\/18"}],"replies":[{"embeddable":true,"href":"https:\/\/staging.ivg.it\/ediapi\/wp\/v2\/comments?post=222239"}],"version-history":[{"count":0,"href":"https:\/\/staging.ivg.it\/ediapi\/wp\/v2\/posts\/222239\/revisions"}],"wp:attachment":[{"href":"https:\/\/staging.ivg.it\/ediapi\/wp\/v2\/media?parent=222239"}],"wp:term":[{"taxonomy":"category","embeddable":true,"href":"https:\/\/staging.ivg.it\/ediapi\/wp\/v2\/categories?post=222239"},{"taxonomy":"post_tag","embeddable":true,"href":"https:\/\/staging.ivg.it\/ediapi\/wp\/v2\/tags?post=222239"}],"curies":[{"name":"wp","href":"https:\/\/api.w.org\/{rel}","templated":true}]}}