{"id":222236,"date":"2012-07-31T13:05:07","date_gmt":"2012-07-31T11:05:07","guid":{"rendered":"http:\/\/www.ivg.it\/?p=222236"},"modified":"2012-07-31T13:05:07","modified_gmt":"2012-07-31T11:05:07","slug":"savona-torna-il-santuario-del-jazz-2","status":"publish","type":"post","link":"https:\/\/staging.ivg.it\/2012\/07\/savona-torna-il-santuario-del-jazz-2\/","title":{"rendered":"Savona, torna Il Santuario del Jazz"},"content":{"rendered":"<p><strong>Savona<\/strong>. Torna &#8220;Il Santuario del Jazz&#8221;, evento organizzato dal Comune di Savona, Assessorato al Decentramento, che da anni porta in questa splendida piazza nell&#8217;entroterra di Savona alcuni dei nomi pi\u00f9 interessanti della scena internazionale. I due appuntamenti previsti per l&#8217;edizione 2012 comprendono il quartetto di Jesse Davis e quello di Richard Sinclair, sotto la reg\u00eca organizzativa dell&#8217;Ass. Musicale Raindogs. Appuntamenti venerdi 3 agosto e venerdi 10 agosto, ore 21.<\/p>\n<p>Afferma l&#8217;assessore al Decentramento Sergio Lugaro: \u201cCon queste iniziative l&#8217;amministrazione intende &#8220;decentrare&#8221; le attivit\u00e0 culturali e gli spettacoli estivi dando continuit\u00e0 agli spettacoli gi\u00e0 organizzati nella cornice del centro storico e valorizzando quegli scorci e quegli scenari meno conosciuti ma di forte suggestione nei nostri quartieri periferici. In particolare con &#8220;Il Santuario del Jazz&#8221; che ha riscosso grandissimo successo in questi ultimi anni si vuole\u00a0&#8220;ancorare&#8221; un genere musicale specifico a una zona di Savona gi\u00e0 comunque rinomata per l&#8217;arte e il turismo religioso.\u00a0I concerti di quest&#8217;anno\u00a0prevedono la presenza di artisti internazionali come Jesse Davis\u00a0uno\u00a0dei\u00a0grandi esponenti della scena musicale di New Orleans e Richard Sinclair uno dei re della musica progressive anni 70\u00a0appartenente alla scena di Canterbury\u201d.<\/p>\n","protected":false},"excerpt":{"rendered":"<p>Savona. Torna &#8220;Il Santuario del Jazz&#8221;, evento organizzato dal Comune di Savona, Assessorato al Decentramento, che da anni porta in questa splendida piazza nell&#8217;entroterra di Savona alcuni dei nomi pi\u00f9 interessanti della scena internazionale. I due appuntamenti previsti per l&#8217;edizione 2012 comprendono il quartetto di Jesse Davis e quello di Richard Sinclair, sotto la reg\u00eca [&hellip;]<\/p>\n","protected":false},"author":13744,"featured_media":0,"comment_status":"open","ping_status":"closed","sticky":false,"template":"","format":"standard","meta":{"footnotes":""},"categories":[],"tags":[5550,24987,85850],"class_list":["post-222236","post","type-post","status-publish","format-standard","hentry","tag-concerti-jazz","tag-santuario-del-jazz","tag-savona","post_cat_citta-savona"],"amp_validity":null,"amp_enabled":true,"_links":{"self":[{"href":"https:\/\/staging.ivg.it\/ediapi\/wp\/v2\/posts\/222236","targetHints":{"allow":["GET"]}}],"collection":[{"href":"https:\/\/staging.ivg.it\/ediapi\/wp\/v2\/posts"}],"about":[{"href":"https:\/\/staging.ivg.it\/ediapi\/wp\/v2\/types\/post"}],"author":[{"embeddable":true,"href":"https:\/\/staging.ivg.it\/ediapi\/wp\/v2\/users\/13744"}],"replies":[{"embeddable":true,"href":"https:\/\/staging.ivg.it\/ediapi\/wp\/v2\/comments?post=222236"}],"version-history":[{"count":0,"href":"https:\/\/staging.ivg.it\/ediapi\/wp\/v2\/posts\/222236\/revisions"}],"wp:attachment":[{"href":"https:\/\/staging.ivg.it\/ediapi\/wp\/v2\/media?parent=222236"}],"wp:term":[{"taxonomy":"category","embeddable":true,"href":"https:\/\/staging.ivg.it\/ediapi\/wp\/v2\/categories?post=222236"},{"taxonomy":"post_tag","embeddable":true,"href":"https:\/\/staging.ivg.it\/ediapi\/wp\/v2\/tags?post=222236"}],"curies":[{"name":"wp","href":"https:\/\/api.w.org\/{rel}","templated":true}]}}