{"id":222234,"date":"2012-07-31T13:17:44","date_gmt":"2012-07-31T11:17:44","guid":{"rendered":"http:\/\/www.ivg.it\/?p=222234"},"modified":"2012-07-31T17:30:53","modified_gmt":"2012-07-31T15:30:53","slug":"autorita-portuale-pasquale-rammaricati-e-perplessi-a-noi-interessa-crescita-e-piattaforma","status":"publish","type":"post","link":"https:\/\/staging.ivg.it\/2012\/07\/autorita-portuale-pasquale-rammaricati-e-perplessi-a-noi-interessa-crescita-e-piattaforma\/","title":{"rendered":"Autorit\u00e0 Portuale, Pasquale: &#8220;Rammaricati e perplessi. A noi interessa crescita e piattaforma&#8221;"},"content":{"rendered":"<p><strong>Savona<\/strong>. &#8220;Come Camera di Commercio vogliamo sottolineare l&#8217;importanza del porto di Savona e ne evidenziamo la crescita di questi ultimi anni. Un percorso iniziato con la presidenza di Rino Canavese che ha portato, qui, un incremento dei traffici di merci e passeggeri&#8221;. Inizia con un ragionamento diplomatico Luciano Pasquale, presidente dell&#8217;ente camerale, ma non nasconde il disappunto per le decisioni della Regione sulla Port Authority savonese. La Camera di Commercio, infatti, ha accolto con perplessit\u00e0 e preoccupazione il no del governatore Burlando alla nomina dell&#8217;ammiraglio Angrisano.<\/p>\n<p>&#8220;La comunit\u00e0 portuale riguarda 200 imprese e 8 mila persone che traggono sostentamento dall&#8217;attivit\u00e0 di porto. Il traffico all&#8217;ombra della Torretta genera un valore superiore al miliardo. Questo quadro economico \u00e8 solido e sta crescendo e avr\u00e0 un salto di qualit\u00e0 anche col progetto della piattaforma Maersk. Ecco, noi operatori economici vogliamo che questa crescita continui, non ci interessa altro&#8221; sottolinea Pasquale.<\/p>\n<p>&#8220;Vogliamo che il nuovo presidente dia garanzie per il futuro ai lavoratori e operatori, e siamo disponibili a confrontarci con le istituzioni &#8211; prosegue &#8211; Per noi il punto chiave \u00e8 il consolidamento e la crescita del porto savonese e della sua capacit\u00e0 di creare lavoro e valore per imprese e persone&#8221;.<\/p>\n<p>&#8220;Siamo ovviamente rammaricati perch\u00e9, con Angrisano, avevamo trovato un ottimo candidato che aveva anche dato la sua disponibilit\u00e0. Era un&#8217;opzione validissima, tanto \u00e8 vero che il ministro lo ha scelto fino a quando poi la Regione gli ha negato l&#8217;assenso. Ovvio che siamo rammaricati e perplessi&#8221; evidenzia il presidente della Camera di Commercio.<\/p>\n<p>&#8220;Il fatto &#8211; dice &#8211; \u00e8 che siamo preoccupati perch\u00e9 la procedura \u00e8 quella che \u00e8, e rischiamo il commissariamento. In questo modo si indebolisce il porto di Savona, e si mettono a rischio investimenti futuri e la reputazione che quetsa realt\u00e0 ha saputo conquistarsi nell&#8217;ambito delle reti logistiche e del mercato di riferimento. E&#8217; necessaria al pi\u00f9 presto una soluzione condivisa&#8221;.<\/p>\n<p>Poi Pasquale indirizza un messaggio direttamente al presidente della Regione: &#8220;Burlando sa svolgere bene il suo ruolo, \u00e8 una persona con la quale abbiamo trovato tante intese. In questo caso siamo stati in contrasto, per\u00f2 vi sono ancora le condizioni per poter lavorare e valutare insieme tutti gli aspetti di questa situazione. Noi sappiamo ci\u00f2 che vogliamo, e ci tengo a dire che gli operatori economici sono uniti nel condividere le nostre scelte e preoccupazioni. Auspichiamo che il presidente si mostri come sempre sensibile a problemi economici liguri e savonesi&#8221;.<\/p>\n<p>&#8220;Purtroppo il nome di Angrisano non \u00e8 pi\u00f9 in gioco. Una volta che una terna entra al ministero, e poi viene scelto il candidato, e poi questi non ottiene l&#8217;assenso di cui necessita; non solo si pu\u00f2 parlare di una fase esaurita ma anche di una terna non esiste pi\u00f9, bisogna crerne una nuova. Non abbiamo parlato di nomi alternativi, adesso si deve muovere Burlando e inviare una proposta al ministero. Aspettiamo le sue iniziative, dopo di che ci attrezzeremo per formulare le nostre proposte&#8221; conclude Luciano Pasquale.<\/p>\n","protected":false},"excerpt":{"rendered":"<p>Savona. &#8220;Come Camera di Commercio vogliamo sottolineare l&#8217;importanza del porto di Savona e ne evidenziamo la crescita di questi ultimi anni. Un percorso iniziato con la presidenza di Rino Canavese che ha portato, qui, un incremento dei traffici di merci e passeggeri&#8221;. Inizia con un ragionamento diplomatico Luciano Pasquale, presidente dell&#8217;ente camerale, ma non nasconde [&hellip;]<\/p>\n","protected":false},"author":13744,"featured_media":0,"comment_status":"open","ping_status":"closed","sticky":false,"template":"","format":"standard","meta":{"footnotes":""},"categories":[35],"tags":[1543,174,2156,968,85850],"class_list":["post-222234","post","type-post","status-publish","format-standard","hentry","category-economia","tag-autorita-portuale","tag-camera-commercio","tag-luciano-pasquale","tag-porto","tag-savona","post_cat_citta-savona","post_cat_citta-vado-ligure"],"amp_validity":null,"amp_enabled":true,"_links":{"self":[{"href":"https:\/\/staging.ivg.it\/ediapi\/wp\/v2\/posts\/222234","targetHints":{"allow":["GET"]}}],"collection":[{"href":"https:\/\/staging.ivg.it\/ediapi\/wp\/v2\/posts"}],"about":[{"href":"https:\/\/staging.ivg.it\/ediapi\/wp\/v2\/types\/post"}],"author":[{"embeddable":true,"href":"https:\/\/staging.ivg.it\/ediapi\/wp\/v2\/users\/13744"}],"replies":[{"embeddable":true,"href":"https:\/\/staging.ivg.it\/ediapi\/wp\/v2\/comments?post=222234"}],"version-history":[{"count":0,"href":"https:\/\/staging.ivg.it\/ediapi\/wp\/v2\/posts\/222234\/revisions"}],"wp:attachment":[{"href":"https:\/\/staging.ivg.it\/ediapi\/wp\/v2\/media?parent=222234"}],"wp:term":[{"taxonomy":"category","embeddable":true,"href":"https:\/\/staging.ivg.it\/ediapi\/wp\/v2\/categories?post=222234"},{"taxonomy":"post_tag","embeddable":true,"href":"https:\/\/staging.ivg.it\/ediapi\/wp\/v2\/tags?post=222234"}],"curies":[{"name":"wp","href":"https:\/\/api.w.org\/{rel}","templated":true}]}}