{"id":222215,"date":"2012-07-31T09:44:19","date_gmt":"2012-07-31T07:44:19","guid":{"rendered":"http:\/\/www.ivg.it\/?p=222215"},"modified":"2012-07-31T12:30:33","modified_gmt":"2012-07-31T10:30:33","slug":"fac-albisola-orsi-parla-di-lacrime-e-sangue-e-il-lavoratori-reagiscono-non-ci-deluda","status":"publish","type":"post","link":"https:\/\/staging.ivg.it\/2012\/07\/fac-albisola-orsi-parla-di-lacrime-e-sangue-e-il-lavoratori-reagiscono-non-ci-deluda\/","title":{"rendered":"Fac Albisola, Orsi parla di &#8216;lacrime e sangue&#8217; e il lavoratori reagiscono: &#8220;Non ci deluda&#8221;"},"content":{"rendered":"<p><strong>Albisola S.<\/strong> Anche alcuni rappresentanti della Fac, o comunque diretti interessati, hanno assistito al vivace consiglio comunale di ieri sera ad Albisola Superiore in cui il sindaco Franco Orsi ha posto sul tavolo la questione della crisi della sua maggioranza e il possibile (e &#8220;sospetto&#8221;, secono l&#8217;opposizione) rimpasto di giunta. <\/p>\n<p>E&#8217; il caso di Alessandro Milanesi, della Rsu Fac Uilcem che, a poche ore dalla riunione del parlamentino albisolaese, si rivolge cos\u00ec al sindaco: &#8220;Isera ho partecipato al consiglio comunale, non entro nel merito delle vostre questioni interne di maggioranza, n\u00e9 nei vostri rapporti con la minoranza, l&#8217;unica cosa che mi ha lasciato con l&#8217;amaro in bocca, \u00e8 un passaggio veloce sulla questione Fac, dove diceva che la situazione \u00e8 difficile, che si aspetta a breve una sentenza del giudice e dove chiedeva alla sua maggioranza uno sforzo su questa questione poich\u00e9 porter\u00e8 &#8216;lacrime e sangue'&#8221;. <\/p>\n<p>&#8220;Ripeto, la questione Fac non \u00e8 stata affrontata, poich\u00e9 non era prevista all&#8217;ordine del giorno del consiglio, ma quelle parole mi hanno un po&#8217; irrigidito &#8211; continua Milanesi &#8211; Io vorrei solo ricordarle una frase che disse 3 o 4 mesi fa in questo gruppo (&#8216;Salviamo la FAC&#8217; su Facebook) che diceva pi\u00f9 o meno cos\u00ec: &#8220;Non penserai che potrei mai perdere una fabbrica storica come la Fac nel paese dove sono io sindaco?&#8217;. Quelle parole personalmente, mi hanno dato speranza, anche nei momenti difficili, per continuare a lottare e far sentire la nostra voce. Le chiedo adesso: non mi deluda, non ci deluda&#8221;. <\/p>\n","protected":false},"excerpt":{"rendered":"<p>Albisola S. Anche alcuni rappresentanti della Fac, o comunque diretti interessati, hanno assistito al vivace consiglio comunale di ieri sera ad Albisola Superiore in cui il sindaco Franco Orsi ha posto sul tavolo la questione della crisi della sua maggioranza e il possibile (e &#8220;sospetto&#8221;, secono l&#8217;opposizione) rimpasto di giunta. E&#8217; il caso di Alessandro [&hellip;]<\/p>\n","protected":false},"author":13744,"featured_media":0,"comment_status":"open","ping_status":"closed","sticky":false,"template":"","format":"standard","meta":{"footnotes":""},"categories":[35,31],"tags":[432,38569,7268],"class_list":["post-222215","post","type-post","status-publish","format-standard","hentry","category-economia","category-politica","tag-albisola","tag-alessandro-milanesi","tag-fac","post_cat_citta-albisola-superiore"],"amp_validity":null,"amp_enabled":true,"_links":{"self":[{"href":"https:\/\/staging.ivg.it\/ediapi\/wp\/v2\/posts\/222215","targetHints":{"allow":["GET"]}}],"collection":[{"href":"https:\/\/staging.ivg.it\/ediapi\/wp\/v2\/posts"}],"about":[{"href":"https:\/\/staging.ivg.it\/ediapi\/wp\/v2\/types\/post"}],"author":[{"embeddable":true,"href":"https:\/\/staging.ivg.it\/ediapi\/wp\/v2\/users\/13744"}],"replies":[{"embeddable":true,"href":"https:\/\/staging.ivg.it\/ediapi\/wp\/v2\/comments?post=222215"}],"version-history":[{"count":0,"href":"https:\/\/staging.ivg.it\/ediapi\/wp\/v2\/posts\/222215\/revisions"}],"wp:attachment":[{"href":"https:\/\/staging.ivg.it\/ediapi\/wp\/v2\/media?parent=222215"}],"wp:term":[{"taxonomy":"category","embeddable":true,"href":"https:\/\/staging.ivg.it\/ediapi\/wp\/v2\/categories?post=222215"},{"taxonomy":"post_tag","embeddable":true,"href":"https:\/\/staging.ivg.it\/ediapi\/wp\/v2\/tags?post=222215"}],"curies":[{"name":"wp","href":"https:\/\/api.w.org\/{rel}","templated":true}]}}