{"id":222174,"date":"2012-07-30T14:25:19","date_gmt":"2012-07-30T12:25:19","guid":{"rendered":"http:\/\/www.ivg.it\/?p=222174"},"modified":"2012-07-30T18:16:51","modified_gmt":"2012-07-30T16:16:51","slug":"al-salone-nautico-si-respira-atmosfera-olimpica","status":"publish","type":"post","link":"https:\/\/staging.ivg.it\/2012\/07\/al-salone-nautico-si-respira-atmosfera-olimpica\/","title":{"rendered":"Al Salone Nautico si respira atmosfera olimpica"},"content":{"rendered":"<p><strong>Genova<\/strong>. Anche al Salone Nautico di Genova si respira l&#8217;atmosfera olimpica. Grazie a un progetto realizzato in collaborazione con FIV (Federazione Italiana Vela) i visitatori del salone, che aprir\u00e0 i battenti il 6 ottobre, potranno rivivere l&#8217;atmosfera del villaggio olimpico e paralimpico di Weymouth con le derive, gli istruttori e gli atleti presenti ai Giochi Olimpici di Londra 2012.<\/p>\n<p>Nel villaggio i bambini potranno provare l&#8217;ebbrezza della vela grazie a una piscina allestita ad hoc. La vela sar\u00e0 la grande protagonista del 52\u00b0 Salone Nautico Internazionale di Genova. con la possibilit\u00e0 di prove in acqua ed un ricco programma di attivit\u00e0. Assieme a tutte le discipline acquatiche sar\u00e0 al centro del progetto &#8216;Giovani &#8211; Navigar m&#8217;\u00e8 dolce&#8217;, che promuove e diffonde la cultura della nautica e l&#8217;amore per il mare offrendo la possibilit\u00e0 di scendere in acqua nella darsena dedicata della nuova Marina.<\/p>\n<p>Spazio ai pi\u00f9 giovani anche per gli amanti della motonautica: grazie infatti a UIM, Federazione Mondiale Motonautica e a FIM, Federazione Italiana Motonautica, saranno presenti atleti delle categorie giovanili e i ragazzi dagli 8 ai 18 anni potranno effettuare prove in acqua con Formula Junior e Formula Future.<\/p>\n<p>Il 52\u00b0 Salone Nautico segna anche un importante ritorno, la subacquea, attraverso la presenza istituzionale dei produttori associati Confisub e grazie anche ad un Convegno internazionale sulle attivit\u00e0 tecniche e sul recupero in mare.<\/p>\n","protected":false},"excerpt":{"rendered":"<p>Genova. Anche al Salone Nautico di Genova si respira l&#8217;atmosfera olimpica. Grazie a un progetto realizzato in collaborazione con FIV (Federazione Italiana Vela) i visitatori del salone, che aprir\u00e0 i battenti il 6 ottobre, potranno rivivere l&#8217;atmosfera del villaggio olimpico e paralimpico di Weymouth con le derive, gli istruttori e gli atleti presenti ai Giochi [&hellip;]<\/p>\n","protected":false},"author":13744,"featured_media":0,"comment_status":"open","ping_status":"closed","sticky":false,"template":"","format":"standard","meta":{"footnotes":""},"categories":[35],"tags":[2087,2868,2086],"class_list":["post-222174","post","type-post","status-publish","format-standard","hentry","category-economia","tag-nautica","tag-olimpiadi","tag-salone-nautico","post_cat_citta-andora"],"amp_validity":null,"amp_enabled":true,"_links":{"self":[{"href":"https:\/\/staging.ivg.it\/ediapi\/wp\/v2\/posts\/222174","targetHints":{"allow":["GET"]}}],"collection":[{"href":"https:\/\/staging.ivg.it\/ediapi\/wp\/v2\/posts"}],"about":[{"href":"https:\/\/staging.ivg.it\/ediapi\/wp\/v2\/types\/post"}],"author":[{"embeddable":true,"href":"https:\/\/staging.ivg.it\/ediapi\/wp\/v2\/users\/13744"}],"replies":[{"embeddable":true,"href":"https:\/\/staging.ivg.it\/ediapi\/wp\/v2\/comments?post=222174"}],"version-history":[{"count":0,"href":"https:\/\/staging.ivg.it\/ediapi\/wp\/v2\/posts\/222174\/revisions"}],"wp:attachment":[{"href":"https:\/\/staging.ivg.it\/ediapi\/wp\/v2\/media?parent=222174"}],"wp:term":[{"taxonomy":"category","embeddable":true,"href":"https:\/\/staging.ivg.it\/ediapi\/wp\/v2\/categories?post=222174"},{"taxonomy":"post_tag","embeddable":true,"href":"https:\/\/staging.ivg.it\/ediapi\/wp\/v2\/tags?post=222174"}],"curies":[{"name":"wp","href":"https:\/\/api.w.org\/{rel}","templated":true}]}}