{"id":222116,"date":"2012-07-29T16:33:07","date_gmt":"2012-07-29T14:33:07","guid":{"rendered":"http:\/\/www.ivg.it\/?p=222116"},"modified":"2012-07-29T18:07:30","modified_gmt":"2012-07-29T16:07:30","slug":"festa-di-liberazione-a-savona-ecco-il-programma","status":"publish","type":"post","link":"https:\/\/staging.ivg.it\/2012\/07\/festa-di-liberazione-a-savona-ecco-il-programma\/","title":{"rendered":"Festa di Liberazione a Savona: ecco il programma"},"content":{"rendered":"<p><strong>Savona. <\/strong>Federico Berruti, Don Gallo, Marco Ravera, Beppino Englaro, Walter Massa, Giacomo Conti, Claudio Montaldo, Roberta Fantozzi, Bruno Marengo, Umberto Scardaoni, Giancarlo Caselli, Fulvio Briano, Paolo Ferrero, Luigi De Magistris, Leoluca Orlando, Dino Greco, Oliviero Beha, Paolo Limonta, The Gang, Haidi e Giuliano Giuliani, Alessio Ciacci, Rosa Rinaldi, J\u00f6rg Costantino, Alessandro Benzi, Alberto Lucarelli, Massimo Rossi, Franco Zunino, Monica Lanfranco, Giovanni Russo Spena, Hilarion Capucci, Yousef Salman, Mario Agostinelli, Rosangela Pesenti. Questo il lungo elenco di ospiti per la Festa provinciale di Liberazione in programma dal 5 al 19 agosto sul Lungomare di Zinola, con la presenza di associazioni e sindacati, ai dibattiti politici passando per gli spettacoli e la musica. <\/p>\n<p>\u201cUn impegno ed uno stimolo che ci ha portato ad allargare gli spazi per offrire pi\u00f9 cose. Agli ormai tradizionali palchi per dibattiti e spettacoli, ad esempio, si affiancher\u00e0 un nuovo spazio in cui l&#8217;arte, i documentari, le storie, i popoli, le associazioni troveranno un punto di incontro. Uno spazio che non potevamo non dedicare a Stelio Rescio, a nove anni dalla sua scomparsa, Stelio che ha rappresentato un forte punto di riferimento politico e culturale per la sinistra savonese e non solo\u201d dice il segretario Marco Ravera.<\/p>\n<p>\u201cQuest&#8217;anno, come si intuisce dal titolo &#8220;Naturalmente&#8221;, racconteremo attraverso i dibattiti, la musica, gli spettacoli la nostra politica, il nostro punto di vista su diversi temi a partire dall&#8217;ambiente e dai beni comuni grazie anche alla presenza di ospiti e relatori esterni al nostro partito. Un elemento ormai consolidato che caratterizza in positivo la nostra Festa e che la rende un appuntamento unico nel panorama savonese\u201d.<\/p>\n<p>La Festa sar\u00e0 aperta domenica 5 agosto da quattro eventi. Alle 19 si parler\u00e0 dei diritti dei migranti nell&#8217;iniziativa &#8220;Naturalmente cittadini &#8211; Per un paese includente&#8221; che vedr\u00e0 confrontarsi, moderati dal Responsabile nazionale immigrazione del Prc Stefano Galieni, Cecile Kyenge Kashetu Coordinatrice &#8220;Rete Primo Marzo&#8221;, Mimouna Laatiris leader lavoratrici in lotta di Castelnuovo Scrivia, Ibrhaima Niane Segreteria Fillea-Cgil di Brescia, Rehaal Oudghough gi\u00e0 Consigliere municipale Genova, Yvan Sagnet leader delle mobilitazioni dei lavoratori di Nard\u00f2 e Seble Woldeghiorsghs Coordinatrice Gruppo Lavoro Seconde Generazioni di Milano.<\/p>\n<p>Alle 21 sempre nello spazio dibattiti il Sindaco di Savona Federico Berruti risponder\u00e0 alle domande del Responsabile Redazione di Savona de Il Secolo XIX Claudio Caviglia nell&#8217;incontro &#8220;Naturalmente il Sindaco &#8211; Intervista al primo cittadino di Savona&#8221;.<\/p>\n<p>Sempre alle 21, ma nello spazio spettacoli serata alternative hard-rock, prima i Sunburst poi i Reservoid Dogs in concerto. Sempre nella prima giornata di Festa nello spazio dedicato a Stelio Rescio alle 21 proiezione del documentario &#8220;Cuba un isola che resiste&#8221; di Alfonso Cioce, Giada Campus e Noemi Pinna.<\/p>\n<p>Non meno importante la seconda giornata. Alle 19 sar\u00e0 con noi Don Andrea Gallo della Comunit\u00e0 San Benedetto al porto di Genova nell&#8217;incontro &#8220;Naturalmente anarchico &#8211; Vita e pensieri di un prete di strada&#8221;. Alle 21 ancora un grande ospite alla Festa protagonista dell&#8217;iniziativa &#8220;Naturalmente liberi di scegliere &#8211; Eluana, la vita senza limiti&#8221; sar\u00e0, infatti, Beppino Englaro, Presidente dell&#8217;associazione &#8220;Per Eluana&#8221; che sar\u00e0 affiancato dal Presidente regionale dell&#8217;Arci Walter Massa nell&#8217;incontro moderato da Fabrizio Ferraro del Partito Sociale di Savona.<\/p>\n<p>Alle 21 nello spazio spettacoli serata acustica con le note di Claudio Bellato e Loris Lombardo.<\/p>\n<p>Nella terza giornata della Festa nazionale di Liberazione si parler\u00e0 anche di politica locale. Marted\u00ec 7 agosto alle 19, ad esempio, il neo Direttore di Primocanale Gilberto Volpara moderer\u00e0 confronto sui temi dei tagli alla sanit\u00e0 tra Giacomo Conti Consigliere regionale PRC-FdS membro della Commissione sanit\u00e0 e Claudio Mondaldo Assessore regionale alla sanit\u00e0 nell&#8217;iniziativa &#8220;Naturalmente la salute &#8211; La sanit\u00e0 ai tempi della crisi&#8221;. Alle 21 spazio all&#8217;incontro &#8220;Naturalmente contro le grandi opere &#8211; No Tav, si mobilit\u00e0 sostenibile&#8221; interverranno: Stefano Bertone avvocato Legal team, Ivan Cicconi autore del libro &#8220;Il libro nero dell&#8217;alta velocit\u00e0&#8221;, Roberta Fantozzi Segreteria nazionale Prc, Responsabile Lavoro, Alessandro Pagano Coordinatore nazionale Fiom della Cantieristica navale, Roberto Romano economista. Incontro sar\u00e0 coordinato da Maurizio Pagliassotti giornalista di Liberazione.<\/p>\n<p>Nello spazio spettacoli alle 21 serata swing con il concerto della Pesenti swing band. Sempre alla stessa ora, ma nel nuovo spazio, una serata di emozioni e di ricordi nell&#8217;incontro &#8220;Stelio Rescio: una vita fra arte e politica&#8221; con Renato Breviglieri collaboratore de Il Brandale, Bruno Marengo gi\u00e0 Sindaco di Savona e Umberto Scardaoni gi\u00e0 Sindaco di Savona e senatore della Repubblica. L&#8217;iniziativa sar\u00e0 moderata da Giorgio Amico scrittore, curatore del blog &#8220;Vento Largo&#8221;.<\/p>\n<p>Mercoled\u00ec 8 agosto alle ore 19 torner\u00e0 alla Festa per il quarto anno consecutivo Gian Carlo Caselli. Il Procuratore capo di Torino sar\u00e0 protagonista di &#8220;Naturalmente per la Costituzione &#8211; L&#8217;attualit\u00e0 della Carta&#8221; l&#8217;incontro organizzato insieme al Comitato provinciale dell&#8217;Anpi. Con Caselli ci sar\u00e0 anche l&#8217;ex senatore Nanni Russo. A coordinare il dibattito sar\u00e0 Stefano Nasi della Segreteria provinciale Anpi.<\/p>\n<p>Alle ore 21, sempre nello spazio politica, l&#8217;iniziativa &#8220;Naturalmente per il lavoro &#8211; La crisi vista dalla Liguria&#8221; metter\u00e0 a confronto realt\u00e0 diverse colpite dalla crisi. Parteciperanno Fulvio Berruti, Segretario Filctem-Cgil Savona, Fulvio Briano Sindaco di Cairo Montenotte, Gianluigi Granero Presidente Legacoop Liguria e Giulia Stella Segretaria CGIL Liguria e l&#8217;incontro sar\u00e0 moderato da Silvio Pirotto Responsabile Lavoro del Prc di Savona.<\/p>\n<p>Nello spazio spettacoli, alle 21, la scuola di Danza &#8220;Dani&#8221; di Quiliano offrir\u00e0 un saggio della sua eleganza. Sempre alle 21, ma nello spazio Rescio la serata sar\u00e0 dedicata ad Emergency.<\/p>\n<p>Il quinto giorno di Festa si aprir\u00e0 alle 19 con la presentazione del libro &#8220;Pigs! La crisi spiegata a tutti&#8221; nell&#8217;incontro &#8220;Naturalmente la crisi &#8211; Evitare di delegare ai tecnici la gestione della nostra vita&#8221;. La giornalista de La Repubblica intervister\u00e0 Donatella Alfonso l&#8217;autore Paolo Ferrero Segretario nazionale di Rifondazione Comunista. Il Segretario del PRC sar\u00e0 anche uno dei protagonisti dell&#8217;iniziativa delle 21, eccezionalmente sul palco spettacoli, insieme al Sindaco di Napoli Luigi De Magistris e a quello di Palermo Leoluca Orlando nell&#8217;incontro &#8220;Naturalmente a Sinistra &#8211; Dal mezzogiorno una proposta per l&#8217;alternativa&#8221; moderato da Gilberto Volpara di Primocanale. A seguire The Lonesome Pines in concerto.<\/p>\n<p>Alla Festa nazionale non poteva mancare un incontro sul nostro quotidiano che, causa dei tagli del Governo Monti, ha cessato le pubblicazioni in questo 2012. A parlarne alle 19 nell&#8217;incontro &#8220;Naturalmente Liberazione &#8211; Non c&#8217;\u00e8 democrazia senza un&#8217;informazione libera&#8221; saranno Checchino Antonini e Stefano Galieni, giornalisti di Liberazione, insieme al Direttore Dino Greco. Alle 21 nuovo prestigioso ospite della Festa, protagonista dell&#8217;incontro &#8220;Naturalmente i peggiori anni della nostra vita &#8211; Culo e pallone, metafora di un paese allo sbando&#8221; sar\u00e0, infatti, il giornalista Oliviero Beha intervistato da Checchino Antonini.<\/p>\n<p>Sempre alle 21 altri due appuntamenti. Sul palco spettacoli serata rock con il concerto dei Dirty Trick, nello spazio Rescio proiezione di &#8220;Tunis apres degage&#8221;, documentario sulla primavera araba curato da di Federico Telari, Carla Grippa, Marco Bertora, Gianfranco Pangrazio.<\/p>\n<p>Sabato 11 agosto alle 19 si parler\u00e0 di scuola nell&#8217;incontro &#8220;Naturalmente pubblica &#8211; Gi\u00f9 le mani dall&#8217;istruzione&#8221; con Gianni Cazzola Segretario Flc-Cgil Savona, Rita Lavaggi insegnante, Coordinamento nazionale FdS, Paolo Limonta maestro elementare, Coordinatore dei Comitati per Pisapia e Antonia Sani Coordinatrice dell&#8217;associazione &#8220;Per la scuola della Repubblica&#8221; coordinati da Valeria Ghiso Responsabile Scuola del Prc di Savona.<\/p>\n<p>Alle 21 sul palco spettacoli doppio concerto. Prima i Mojaf tra i promotori del progetto &#8220;Articolo Uno&#8221; che raccoglie tredici canzoni sul lavoro nell&#8217;Italia senza lavoro, da ascoltare gratuitamente sul sito dell&#8217;Unit\u00e0. A seguire tornano per il terzo anno i Gang con le loro canzoni di lotta e di denuncia.<\/p>\n<p>Alla Festa non poteva mancare una riflessione sui troppi casi di violenza. Domenica 12 agosto alle 19 si discuter\u00e0 di questo nell&#8217;incontro &#8220;Naturalmente c&#8217;entrava lo Stato &#8211; Le sentenze, Carlo, Federico, Italo&#8221; che vedr\u00e0 la partecipazione di Checchino Antonini giornalista di Liberazione, Haidi e Giuliano Giuliani i genitori di Carlo, Nicol\u00f2 Scialfa Capogruppo Idv Regione Liguria e del giornalista Marcello Zinola. L&#8217;iniziativa verr\u00e0 moderata da Stefano Ressia della Segreteria provinciale del Prc.<\/p>\n<p>Alle 21 si torna a parlare di ambiente dell&#8217;incontro &#8220;Naturalmente differenziata &#8211; Verso rifiuti zero: si pu\u00f2 fare&#8221;. Si confronteranno Alessio Ciacci Assessore all&#8217;Ambiente e alla Partecipazione del Comune di Capannori, William Domenichini dell&#8217;associazione AmbientalMente, Ciro Pesacane Presidente del Forum Ambientalista, Rosa Rinaldi della Segreteria nazionale Prc, Responsabile Ambiente e Beni comuni coordinati dall&#8217;Assessore all&#8217;Ambiente del Comune di Savona Jorg Costantino.<\/p>\n<p>Sul palco spettacoli in scena la Compagnia Teatrale &#8220;Timoteoteatro&#8221; con lo spettacolo &#8220;Naufragiati&#8230; a volte&#8221;.<br \/>\nLa seconda settimana di Festa si aprir\u00e0 con l&#8217;incontro &#8220;Naturalmente divisi? Un percorso comune a sinistra \u00e8 possibile&#8221;. Moderati da Rita Lavaggi del Coordinamento nazionale della Federazione della Sinistra si confronteranno Stefano Quaini Consigliere regionale Idv, Stefano Quaranta Coordinatore regionale Sel e Rosa Rinaldi Segreteria nazionale Prc. Sempre luned\u00ec, ma alle 21 si terr\u00e0 un&#8217;iniziativa che dopo la recente sentenza della Corte Costituzionale assume un significato ancor pi\u00f9 importante. &#8220;Naturalmente per i beni comuni &#8211; Beni comuni e democrazia partecipata&#8221; \u00e8, infatti, il titolo dell&#8217;incontro che vedr\u00e0 protagonisti Alberto Lucarelli Professore ordinario di Istituzione di Diritto Pubblico dell&#8217;Universit\u00e0 partenopea Federico II nonch\u00e9 Assessore ai Beni Comuni e alla Democrazia Partecipativa del Comune di Napoli, Rosa Rinaldi Responsabile Ambiente e Beni comuni nella Segreteria nazionale del PRC, Massimo Rossi Portavoce nazionale della Federazione della Sinistra e Maria Rosaria Marella Docente di Diritto privato presso l&#8217;Universit\u00e0 di Perugia. L&#8217;incontro sar\u00e0 coordinato da Antonio Bruno Capogruppo FdS Comune di Genova.<\/p>\n<p>Sul palco spettacoli l&#8217;allegria e i balli della scuola di Danza &#8220;Dani&#8221; di Quiliano.<\/p>\n<p>Mercoled\u00ec 14 agosto alle ore 21 Giovanni Durante Presidente provinciale dell&#8217;Arci, Stefano Sarti di Legambiente Liguria, Simona Simonetti Portavoce Federazione dei Verdi e Franco Zunino gi\u00e0 Assessore regionale all&#8217;Ambiente saranno i protagonisti del dibattito &#8220;Naturalmente contro l&#8217;ampliamento &#8211; Il carbone e le fonti rinnovabili&#8221;. Un tema per noi particolarmente importante. Cos\u00ec come sar\u00e0 importante la presenza dell&#8217;associazione &#8220;Uniti per la salute&#8221; che avr\u00e0 un proprio spazio all&#8217;interno della Festa andandosi ad aggiungere ad altre associazioni da anni presenti a Zinola.<br \/>\nSul palco spettacoli serata folk con i Brig\u00e0 che presenteranno alla Festa il loro ultimo disco &#8220;Artemisia, le Alpi del mare&#8221;. Nello spazio Rescio &#8220;L&#8217;Ecuador nel Mediterraneo&#8221; con Antonio Garcia Presidente Unione di Solidariet\u00e0 degli Ecuadoiani in Italia (Usei) e un rappresentante della Segreteria nazionale del migrante (SE.NA.MI.).<\/p>\n<p>Consueta pausa politica il 15 agosto. Non si fermano, invece, gli spettacoli. Alle 21 ci terranno compagnia le letture curate dagli autori della rivista &#8220;Tre Di Notte&#8221;. A seguire I Venus in concerto.<\/p>\n<p>Gioved\u00ec 16 alle 21 &#8220;Naturalmente padani? Il lato, non pi\u00f9 oscuro, della Lega&#8221; una versione aggiornata dell&#8217;iniziativa tenutasi lo scorso anno con gli stessi protagonisti: Gianluca Paciucci eWalter Peruzzi della rivista &#8220;Guerre &#038; Pace&#8221; autori del libro &#8220;Svastica verde&#8221; presentati dallo scrittore Giorgio Amico.<\/p>\n<p>Sul palco spettacoli nuovo serata folk e nuovo disco presentato alla Festa, i Buendia presentano &#8220;Liberi tutti&#8221;.<br \/>\nDoppio appuntamento politico venerd\u00ec 17. Alle 19 &#8220;Naturalmente donna &#8211; Tra violenza ed autodeterminazione&#8221; con Rita Falaschi Responsabile Ufficio Pari opportunit\u00e0 della Provincia di Genova e Monica Lanfranco giornalista, formatrice sui temi della differenza di genere coordinate da Marina Dondero Segretaria Prc Tigullio-Golfo Paradiso gi\u00e0 vice Presidente della Provincia di Genova. Alle 21, moderati da Gianmaria Pace della Segreteria provinciale del Prc, si confronteranno Nadia Bizzotto Comunit\u00e0 Papa Giovanni XXIII, Giovanni Russo Spena Responsabile Giustizia PRC e Nicola Valentino sociologo, edizioni &#8220;Sensibili alle foglie&#8221; nell&#8217;incontro &#8220;Naturalmente liberi &#8211; Il sistema carcerario italiano e lo stato di diritto&#8221;.<\/p>\n<p>Sempre alle 21, ma nello spazio spettacoli Gianluca Paciucci e Adriana Giacchetti presenteranno &#8220;Rictus delle verit\u00e0 sociali&#8221;.<\/p>\n<p>Nel penultimo giorno di Festa quattro i momenti clou della Festa. Alle 19 nello spazion dibattiti &#8220;Naturalmente per la Palestina &#8211; Il Medio oriente, i territori occupati, la pace&#8221; che vedr\u00e0 l&#8217;eccezionale partecipazione di mons. Hilarion Capucci Arcivescovo emerito di Gerusalemme che sar\u00e0 affiancato da Giovanni Russo Spena, gi\u00e0 senatore della Repubblica e Yousef SalmanSegretario Al Fath in italia. A moderare il dibattito, che potr\u00e0 vantare anche un intervento registrato dall&#8217;attore Moni Ovadia, sar\u00e0 il Capogruppo Prc-FdS Comune di Savona Franco Zunino.<\/p>\n<p>Alle 21 doppio appuntamento col territorio. Nello spazio dibattiti &#8220;Naturalmente per un altro sviluppo &#8211;<br \/>\nDecrescita\/demercificazione&#8221; con Mario Agostinelli Presidente dell&#8217;associazione &#8220;Energia Felice&#8221;, Valerio Calzolaio Coordinatore Forum Beni comuni Sel, Gianluigi Pegolo Segreteria nazionale Rifondazione Comunista, Rosangela Pesenti Gruppo Sconfinate, Coordinamento nazionale UDI, Rivista Marea e Saverio Luzzi dell&#8217;Universit\u00e0 Roma 3. A coordinare Romina Velchi vice direttore di Liberazione. Nello spazio Rescio proiezione del documentario &#8220;Il suolo Minacciato&#8221; di Nicola Dall&#8217;Olio.<\/p>\n<p>Sul palco spettacoli si esibiranno, direttamente dai Modena City Ramblers, Francesco Moneti e Daniele Contardo: FryDa from Mcr in concerto.<\/p>\n<p>Nell&#8217;ultimo giorno della Festa nazionale di Liberazione l&#8217;incontro &#8220;Naturalmente comunisti &#8211; Presente e futuro di Rifondazione&#8221; traccer\u00e0 un bilancio dell&#8217;evento e si concentrer\u00e0 sulle prossime sfide del nostro partito grazie alla presenza di Augusto Rocchi della Segreteria nazionale di Rifondazione e a quella del Segretario regionale Sergio Olivieri.<\/p>\n<p>Sul palco spettacoli doppio concerto con i VMM e Stanza 709.<\/p>\n<p>\u201cUna Festa che sar\u00e0 ancora pi\u00f9 interattiva grazie ai social network; su Facebook all&#8217;indirizzo www.facebook.com\/zinola2012 e su Twitter tramite hashtag #naturalmenteazinola. Questo e altro ancora sar\u00e0 la Festa di Liberazione. Un itinerario che attraversa la cultura, la musica e la politica. Un tassello importante per la nostra attivit\u00e0\u201d conclude il segretario Ravera.<\/p>\n","protected":false},"excerpt":{"rendered":"<p>Savona. Federico Berruti, Don Gallo, Marco Ravera, Beppino Englaro, Walter Massa, Giacomo Conti, Claudio Montaldo, Roberta Fantozzi, Bruno Marengo, Umberto Scardaoni, Giancarlo Caselli, Fulvio Briano, Paolo Ferrero, Luigi De Magistris, Leoluca Orlando, Dino Greco, Oliviero Beha, Paolo Limonta, The Gang, Haidi e Giuliano Giuliani, Alessio Ciacci, Rosa Rinaldi, J\u00f6rg Costantino, Alessandro Benzi, Alberto Lucarelli, Massimo [&hellip;]<\/p>\n","protected":false},"author":13744,"featured_media":0,"comment_status":"open","ping_status":"closed","sticky":false,"template":"","format":"standard","meta":{"footnotes":""},"categories":[31],"tags":[366,1735,576,85850],"class_list":["post-222116","post","type-post","status-publish","format-standard","hentry","category-politica","tag-marco-ravera","tag-prc","tag-rifondazione","tag-savona","post_cat_citta-andora","post_cat_citta-savona"],"amp_validity":null,"amp_enabled":true,"_links":{"self":[{"href":"https:\/\/staging.ivg.it\/ediapi\/wp\/v2\/posts\/222116","targetHints":{"allow":["GET"]}}],"collection":[{"href":"https:\/\/staging.ivg.it\/ediapi\/wp\/v2\/posts"}],"about":[{"href":"https:\/\/staging.ivg.it\/ediapi\/wp\/v2\/types\/post"}],"author":[{"embeddable":true,"href":"https:\/\/staging.ivg.it\/ediapi\/wp\/v2\/users\/13744"}],"replies":[{"embeddable":true,"href":"https:\/\/staging.ivg.it\/ediapi\/wp\/v2\/comments?post=222116"}],"version-history":[{"count":0,"href":"https:\/\/staging.ivg.it\/ediapi\/wp\/v2\/posts\/222116\/revisions"}],"wp:attachment":[{"href":"https:\/\/staging.ivg.it\/ediapi\/wp\/v2\/media?parent=222116"}],"wp:term":[{"taxonomy":"category","embeddable":true,"href":"https:\/\/staging.ivg.it\/ediapi\/wp\/v2\/categories?post=222116"},{"taxonomy":"post_tag","embeddable":true,"href":"https:\/\/staging.ivg.it\/ediapi\/wp\/v2\/tags?post=222116"}],"curies":[{"name":"wp","href":"https:\/\/api.w.org\/{rel}","templated":true}]}}