{"id":222037,"date":"2012-07-27T16:54:53","date_gmt":"2012-07-27T14:54:53","guid":{"rendered":"http:\/\/www.ivg.it\/?p=222037"},"modified":"2012-07-27T16:54:53","modified_gmt":"2012-07-27T14:54:53","slug":"perti-tra-gli-anni-50-e-70-mostra-fotografica-con-gli-scatti-di-don-mario-scarrone","status":"publish","type":"post","link":"https:\/\/staging.ivg.it\/2012\/07\/perti-tra-gli-anni-50-e-70-mostra-fotografica-con-gli-scatti-di-don-mario-scarrone\/","title":{"rendered":"Perti tra gli anni &#8217;50 e &#8217;70: mostra fotografica con gli scatti di don Mario Scarrone"},"content":{"rendered":"<p><strong>Finale L.<\/strong> La frazione di Perti a Finale Ligure tra gli anni &#8217;50 e &#8217;70 \u00e8 stata immortalata attraverso l&#8217;obiettivo del parroco don Mario Scarrone. Gli scatti sono inclusi in una mostra fotografica.<\/p>\n<p>L&#8217;esposizione riguarda paesaggi e abitanti della frazione di Perti, tra gli anni &#8217;50 e &#8217;70, visti attraverso l&#8217;obiettivo fotografico dell&#8217;allora parroco e attento studioso di storia e cultura locale don Mario Scarrone. Questa iniziativa \u00e8 stata voluta ed organizzata dall&#8217;associazione culturale &#8220;Entroterra &#8211; Onlus&#8221; e segue il precedente convegno di studi del gennaio 2011 sulla figura e l&#8217;opera di don Mario Scarrone parroco a Perti dal 1947 al 1984.<\/p>\n<p>La mostra fotografica prende origine dal ritrovamento, per certi versi fortunato e casuale, di un cospicuo archivio di negativi salvati dal macero al momento della morte del sacerdote, appassionato fotografo e come detto, studioso del territorio. Una parte di queste pellicole \u00e8 stata sviluppata ed ha restituito un&#8217;incredibile variet\u00e0 di soggetti: operai impegnati nella costruzione della strada comunale, ricerche e scavi archeologici, foto di monete, stoviglie e tombe romane (Perti era un&#8217;importante nodo viario della via consolare romana Julia Augusta) ma anche paesaggi e persone dei dintorni e non solo, infatti, troviamo immagini di localit\u00e0 del savonese come la chiesa di S.Michele di Noli. Don Mario non trascurava neppure le scolaresche in gita con la maestra: un caleidoscopio di volti ed oggetti davvero sorprendenti.<\/p>\n<p>Questa mostra diventa, cos\u00ec, un documento storico: la memoria di una trasformazione non solo meramente cronologica di un&#8217;et\u00e0 e di un paesaggio, ma anche di un&#8217;umanit\u00e0 e di un vivere che non \u00e8 pi\u00f9.<\/p>\n","protected":false},"excerpt":{"rendered":"<p>Finale L. La frazione di Perti a Finale Ligure tra gli anni &#8217;50 e &#8217;70 \u00e8 stata immortalata attraverso l&#8217;obiettivo del parroco don Mario Scarrone. Gli scatti sono inclusi in una mostra fotografica. L&#8217;esposizione riguarda paesaggi e abitanti della frazione di Perti, tra gli anni &#8217;50 e &#8217;70, visti attraverso l&#8217;obiettivo fotografico dell&#8217;allora parroco e [&hellip;]<\/p>\n","protected":false},"author":13744,"featured_media":0,"comment_status":"open","ping_status":"closed","sticky":false,"template":"","format":"standard","meta":{"footnotes":""},"categories":[],"tags":[209,389,2120],"class_list":["post-222037","post","type-post","status-publish","format-standard","hentry","tag-finale","tag-mostre-darte","tag-perti","post_cat_citta-finale-ligure"],"amp_validity":null,"amp_enabled":true,"_links":{"self":[{"href":"https:\/\/staging.ivg.it\/ediapi\/wp\/v2\/posts\/222037","targetHints":{"allow":["GET"]}}],"collection":[{"href":"https:\/\/staging.ivg.it\/ediapi\/wp\/v2\/posts"}],"about":[{"href":"https:\/\/staging.ivg.it\/ediapi\/wp\/v2\/types\/post"}],"author":[{"embeddable":true,"href":"https:\/\/staging.ivg.it\/ediapi\/wp\/v2\/users\/13744"}],"replies":[{"embeddable":true,"href":"https:\/\/staging.ivg.it\/ediapi\/wp\/v2\/comments?post=222037"}],"version-history":[{"count":0,"href":"https:\/\/staging.ivg.it\/ediapi\/wp\/v2\/posts\/222037\/revisions"}],"wp:attachment":[{"href":"https:\/\/staging.ivg.it\/ediapi\/wp\/v2\/media?parent=222037"}],"wp:term":[{"taxonomy":"category","embeddable":true,"href":"https:\/\/staging.ivg.it\/ediapi\/wp\/v2\/categories?post=222037"},{"taxonomy":"post_tag","embeddable":true,"href":"https:\/\/staging.ivg.it\/ediapi\/wp\/v2\/tags?post=222037"}],"curies":[{"name":"wp","href":"https:\/\/api.w.org\/{rel}","templated":true}]}}