{"id":222035,"date":"2012-07-27T16:28:04","date_gmt":"2012-07-27T14:28:04","guid":{"rendered":"http:\/\/www.ivg.it\/?p=222035"},"modified":"2012-07-27T18:42:42","modified_gmt":"2012-07-27T16:42:42","slug":"spending-review-il-presidente-burlando-in-giunta-regionale-sara-dura-per-sanita-e-trasporto","status":"publish","type":"post","link":"https:\/\/staging.ivg.it\/2012\/07\/spending-review-il-presidente-burlando-in-giunta-regionale-sara-dura-per-sanita-e-trasporto\/","title":{"rendered":"Spending review, il presidente Burlando in giunta regionale: &#8220;Sar\u00e0 dura per sanit\u00e0 e trasporto&#8221;"},"content":{"rendered":"<p><strong>Regione.<\/strong> Spending review tra i temi affrontati dal presidente della Regione Liguria Claudio Burlando al termine dell\u2019ordine del giorno della giunta regionale riunita questa mattina, in particolare dopo l\u2019incontro con il Commissario Bondi che si \u00e8 svolto a Roma mercoled\u00ec 25 luglio. <\/p>\n<p>&#8220;Quello che si poteva fare per evitare di tagliare i servizi lo abbiamo fatto &#8211; ha detto il presidente della Regione in una pausa dei lavori &#8211; adesso \u00e8 chiaro che, seppur con molta attenzione, mi pare inevitabile che arriviamo un po&#8217; anche sui servizi&#8221;. <\/p>\n<p>&#8220;Ora &#8211; ha aggiunto Burlando &#8211; la situazione diventa particolarmente dura per la sanit\u00e0 e per il trasporto pubblico locale&#8221; ha aggiunto Burlando. &#8220;Dobbiamo applicare il taglio nazionale sulla sanit\u00e0 e sul bilancio della Regione &#8211; ha spiegato Burlando -, trasferendo il testo che la Camera ha gi\u00e0 approvato e il Senato approver\u00e0 nei nostri bilanci. Bilanci che hanno gi\u00e0 avuto il 29% in meno di spesa nel 2011 rispetto al 2010 e dove le risorse diminuiscono ulteriormente&#8221;. <\/p>\n<p>Sul fronte della situazione finanziaria della Regione l&#8217;assessore regionale Sergio Rossetti ha parlato di una assestamento di bilancio previsto prima della pausa estiva, entro il 6-7 agosto, con oltre 200 mln di euro vincolati da sbloccare.<\/p>\n","protected":false},"excerpt":{"rendered":"<p>Regione. Spending review tra i temi affrontati dal presidente della Regione Liguria Claudio Burlando al termine dell\u2019ordine del giorno della giunta regionale riunita questa mattina, in particolare dopo l\u2019incontro con il Commissario Bondi che si \u00e8 svolto a Roma mercoled\u00ec 25 luglio. &#8220;Quello che si poteva fare per evitare di tagliare i servizi lo abbiamo [&hellip;]<\/p>\n","protected":false},"author":13744,"featured_media":0,"comment_status":"open","ping_status":"closed","sticky":false,"template":"","format":"standard","meta":{"footnotes":""},"categories":[35,31],"tags":[284,111,40841,2379],"class_list":["post-222035","post","type-post","status-publish","format-standard","hentry","category-economia","category-politica","tag-claudio-burlando","tag-sanita","tag-spending-review","tag-trasporto","post_cat_citta-andora","post_cat_citta-savona"],"amp_validity":null,"amp_enabled":true,"_links":{"self":[{"href":"https:\/\/staging.ivg.it\/ediapi\/wp\/v2\/posts\/222035","targetHints":{"allow":["GET"]}}],"collection":[{"href":"https:\/\/staging.ivg.it\/ediapi\/wp\/v2\/posts"}],"about":[{"href":"https:\/\/staging.ivg.it\/ediapi\/wp\/v2\/types\/post"}],"author":[{"embeddable":true,"href":"https:\/\/staging.ivg.it\/ediapi\/wp\/v2\/users\/13744"}],"replies":[{"embeddable":true,"href":"https:\/\/staging.ivg.it\/ediapi\/wp\/v2\/comments?post=222035"}],"version-history":[{"count":0,"href":"https:\/\/staging.ivg.it\/ediapi\/wp\/v2\/posts\/222035\/revisions"}],"wp:attachment":[{"href":"https:\/\/staging.ivg.it\/ediapi\/wp\/v2\/media?parent=222035"}],"wp:term":[{"taxonomy":"category","embeddable":true,"href":"https:\/\/staging.ivg.it\/ediapi\/wp\/v2\/categories?post=222035"},{"taxonomy":"post_tag","embeddable":true,"href":"https:\/\/staging.ivg.it\/ediapi\/wp\/v2\/tags?post=222035"}],"curies":[{"name":"wp","href":"https:\/\/api.w.org\/{rel}","templated":true}]}}