{"id":221984,"date":"2012-07-27T08:08:19","date_gmt":"2012-07-27T06:08:19","guid":{"rendered":"http:\/\/www.ivg.it\/?p=221984"},"modified":"2012-07-27T08:08:19","modified_gmt":"2012-07-27T06:08:19","slug":"oggi-i-funerali-del-camionista-morto-al-casello-di-savona","status":"publish","type":"post","link":"https:\/\/staging.ivg.it\/2012\/07\/oggi-i-funerali-del-camionista-morto-al-casello-di-savona\/","title":{"rendered":"Oggi i funerali del camionista morto al casello di Savona"},"content":{"rendered":"<p><strong>Quiliano.<\/strong> Si terrannno questa mattina alle 10 a Valleggia i funerali di Angelo Recchia, il camionista 49enne stroncato da un infarto mentre era alla guida all&#8217;altezza del casello autostradale di Savona.  L&#8217;ultimo saluto sar\u00e0 nella chiesa parrocchiale di S.S.Salvatore a Valleggia. L&#8217;uomo lascia la moglie e due figli.<\/p>\n<p>Marted\u00ec il 49enne ha improvvisamente avvertito un malore mentre era sul suo camioncino che \u00e8 andato cos\u00ec a sbattere contro la struttura Telepass del casello. Un incidente cui ha assistito in diretta la polizia stradale di Carcare che ha dato subito l&#8217;allarme. Ma per l&#8217;uomo non c&#8217;era gi\u00e0 pi\u00f9 nulla da fare. <\/p>\n","protected":false},"excerpt":{"rendered":"<p>Quiliano. Si terrannno questa mattina alle 10 a Valleggia i funerali di Angelo Recchia, il camionista 49enne stroncato da un infarto mentre era alla guida all&#8217;altezza del casello autostradale di Savona. L&#8217;ultimo saluto sar\u00e0 nella chiesa parrocchiale di S.S.Salvatore a Valleggia. L&#8217;uomo lascia la moglie e due figli. Marted\u00ec il 49enne ha improvvisamente avvertito un [&hellip;]<\/p>\n","protected":false},"author":13744,"featured_media":0,"comment_status":"open","ping_status":"closed","sticky":false,"template":"","format":"standard","meta":{"footnotes":""},"categories":[34],"tags":[2006,3638,309,85860,85850],"class_list":["post-221984","post","type-post","status-publish","format-standard","hentry","category-cronaca","tag-camionista","tag-funerale","tag-incidente","tag-quiliano","tag-savona","post_cat_citta-quiliano","post_cat_citta-savona"],"amp_validity":null,"amp_enabled":true,"_links":{"self":[{"href":"https:\/\/staging.ivg.it\/ediapi\/wp\/v2\/posts\/221984","targetHints":{"allow":["GET"]}}],"collection":[{"href":"https:\/\/staging.ivg.it\/ediapi\/wp\/v2\/posts"}],"about":[{"href":"https:\/\/staging.ivg.it\/ediapi\/wp\/v2\/types\/post"}],"author":[{"embeddable":true,"href":"https:\/\/staging.ivg.it\/ediapi\/wp\/v2\/users\/13744"}],"replies":[{"embeddable":true,"href":"https:\/\/staging.ivg.it\/ediapi\/wp\/v2\/comments?post=221984"}],"version-history":[{"count":0,"href":"https:\/\/staging.ivg.it\/ediapi\/wp\/v2\/posts\/221984\/revisions"}],"wp:attachment":[{"href":"https:\/\/staging.ivg.it\/ediapi\/wp\/v2\/media?parent=221984"}],"wp:term":[{"taxonomy":"category","embeddable":true,"href":"https:\/\/staging.ivg.it\/ediapi\/wp\/v2\/categories?post=221984"},{"taxonomy":"post_tag","embeddable":true,"href":"https:\/\/staging.ivg.it\/ediapi\/wp\/v2\/tags?post=221984"}],"curies":[{"name":"wp","href":"https:\/\/api.w.org\/{rel}","templated":true}]}}