{"id":221769,"date":"2012-07-24T11:57:51","date_gmt":"2012-07-24T09:57:51","guid":{"rendered":"http:\/\/www.ivg.it\/?p=221769"},"modified":"2012-07-24T11:57:51","modified_gmt":"2012-07-24T09:57:51","slug":"pallanuoto-savona-alle-finali-under-15-bertolotti-per-noi-non-e-un-traguardo-inaspettato","status":"publish","type":"post","link":"https:\/\/staging.ivg.it\/2012\/07\/pallanuoto-savona-alle-finali-under-15-bertolotti-per-noi-non-e-un-traguardo-inaspettato\/","title":{"rendered":"Pallanuoto, Savona alle finali Under 15. Bertolotti: &#8220;Per noi non \u00e8 un traguardo inaspettato&#8221;"},"content":{"rendered":"<p><strong>Savona<\/strong>. La squadra Under 15 della Rari Nantes Savona ha conquistato l&#8217;accesso alla finale nazionale di categoria che si svolger\u00e0 ad Ostia da mercoled\u00ec 12 a sabato 15 settembre.<\/p>\n<p>L&#8217;importante traguardo \u00e8 stato raggiunto dai ragazzi guidati da Alberto Bertolotti lo scorso fine settimana a Napoli. I giovani biancorossi hanno vinto quattro partite su cinque, perdendo solo con i padroni di casa della Canottieri Napoli nell&#8217;ultimo incontro quando, peraltro, i giochi erano ormai fatti.<\/p>\n<p>&#8220;Siamo soddisfatti del risultato raggiunto \u2013 spiega l&#8217;allenatore Alberto Bertolotti \u2013. Inaspettato per molti, ma non per noi che abbiamo visto i ragazzi impegnarsi per lungo tempo senza risparmio. La sconfitta con la Canottieri \u00e8 evidente che \u00e8 stata una delusione. La maniera in cui la interpreteremo sar\u00e0 fondamentale per il futuro&#8221;.<br \/>\n\u00a0<br \/>\nNelle finali la Rari Nantes Savona incontrer\u00e0 Catania Nuoto, Rari Nantes Bogliasco, Lazio Nuoto, Canottieri Napoli, C.N. Posillipo, Rari Nantes Camogli e Rari Nantes Florentia. &#8220;Il 1997 \u00e8 una buona generazione a livello nazionale \u2013 conclude Bertolotti \u2013 e tutte queste squadre hanno programmato negli anni bene questa categoria. Noi, come gruppo, ci inseriamo come gli ultimi venuti, ma senza nasconderci proveremo a ridurre il gap che comunque abbiamo con questa squadre&#8221;.<\/p>\n","protected":false},"excerpt":{"rendered":"<p>Savona. La squadra Under 15 della Rari Nantes Savona ha conquistato l&#8217;accesso alla finale nazionale di categoria che si svolger\u00e0 ad Ostia da mercoled\u00ec 12 a sabato 15 settembre. L&#8217;importante traguardo \u00e8 stato raggiunto dai ragazzi guidati da Alberto Bertolotti lo scorso fine settimana a Napoli. I giovani biancorossi hanno vinto quattro partite su cinque, [&hellip;]<\/p>\n","protected":false},"author":13744,"featured_media":0,"comment_status":"open","ping_status":"closed","sticky":false,"template":"","format":"standard","meta":{"footnotes":""},"categories":[32],"tags":[6439,166,165,10042],"class_list":["post-221769","post","type-post","status-publish","format-standard","hentry","category-sport","tag-ostia","tag-pallanuoto","tag-rari-nantes-savona","tag-under-15","post_cat_citta-savona"],"amp_validity":null,"amp_enabled":true,"_links":{"self":[{"href":"https:\/\/staging.ivg.it\/ediapi\/wp\/v2\/posts\/221769","targetHints":{"allow":["GET"]}}],"collection":[{"href":"https:\/\/staging.ivg.it\/ediapi\/wp\/v2\/posts"}],"about":[{"href":"https:\/\/staging.ivg.it\/ediapi\/wp\/v2\/types\/post"}],"author":[{"embeddable":true,"href":"https:\/\/staging.ivg.it\/ediapi\/wp\/v2\/users\/13744"}],"replies":[{"embeddable":true,"href":"https:\/\/staging.ivg.it\/ediapi\/wp\/v2\/comments?post=221769"}],"version-history":[{"count":0,"href":"https:\/\/staging.ivg.it\/ediapi\/wp\/v2\/posts\/221769\/revisions"}],"wp:attachment":[{"href":"https:\/\/staging.ivg.it\/ediapi\/wp\/v2\/media?parent=221769"}],"wp:term":[{"taxonomy":"category","embeddable":true,"href":"https:\/\/staging.ivg.it\/ediapi\/wp\/v2\/categories?post=221769"},{"taxonomy":"post_tag","embeddable":true,"href":"https:\/\/staging.ivg.it\/ediapi\/wp\/v2\/tags?post=221769"}],"curies":[{"name":"wp","href":"https:\/\/api.w.org\/{rel}","templated":true}]}}