{"id":221763,"date":"2012-07-24T11:16:40","date_gmt":"2012-07-24T09:16:40","guid":{"rendered":"http:\/\/www.ivg.it\/?p=221763"},"modified":"2012-07-24T11:19:34","modified_gmt":"2012-07-24T09:19:34","slug":"podismo-tre-appuntamenti-nel-fine-settimana-michettin-millesimo-e-carbuta","status":"publish","type":"post","link":"https:\/\/staging.ivg.it\/2012\/07\/podismo-tre-appuntamenti-nel-fine-settimana-michettin-millesimo-e-carbuta\/","title":{"rendered":"Podismo, tre appuntamenti nel fine settimana: Michettin, Millesimo e Carbuta"},"content":{"rendered":"<p><strong>Millesimo<\/strong>. Sar\u00e0 un fine settimana ricco di appuntamenti podistici in provincia di Savona, con tre gare in tre giorni.<\/p>\n<p>Si comincia venerd\u00ec 27 luglio, a San Giorgio d&#8217;Albenga, dove, nell&#8217;ambito dell&#8217;omonima sagra, \u00e8 in programma il &#8220;Trofeo du Michettin&#8221;. L&#8217;edizione numero 26, che si disputer\u00e0 sull&#8217;ormai tradizionale percorso di 8 chilometri, prender\u00e0 il via alle ore 19,30. In precedenza sar\u00e0 effettuata una minimarcia sulla distanza di 4 chilometri riservata ai bambini ed alle bambine fino ai 12 anni. L&#8217;appuntamento \u00e8 organizzato da Atletica Ceriale San Giorgio e Amici du Michettin.<\/p>\n<p>Sabato 28 luglio si svolger\u00e0 per la 10\u00b0 volta la corsa podistica non competitiva &#8220;Millesimo &#8211; Cengio e ritorno&#8221;. Si svolger\u00e0 su una pista ciclabile per un totale di 8 chilometri. L&#8217;organizzazione \u00e8 a cura del Gruppo Sportivo Gillardo di Millesimo. Il ritrovo \u00e8 fissato presso i giardini pubblici di Millesimo. L&#8217;iscrizione \u00e8 di 6 euro. Alle ore 19, presso il campo sportivo di Millesimo, prender\u00e0 il via la gara. In precedenza, alle ore 18, spazio ai bambini con una corsa sulle distanza dei 400 e 800 metri, con premi per tutti.<\/p>\n<p>Domenica 29 luglio si svolger\u00e0 la 6\u00b0 edizione della &#8220;Borgate di Carbuta&#8221;, il giro delle contrade della frazione di Calice Ligure. Il ritrovo \u00e8 fissato per le ore 17 presso il bosco San Rocco a Carbuta. La partenza sar\u00e0 data alle ore 18. Sar\u00e0 possibile iscriversi pagando 5 euro. La corsa \u00e8 sulla distanza di 10 chilometri. E&#8217; organizzata dalla Pro loco Calice Ligure Carbuta in collaborazione con il Comune.<\/p>\n","protected":false},"excerpt":{"rendered":"<p>Millesimo. Sar\u00e0 un fine settimana ricco di appuntamenti podistici in provincia di Savona, con tre gare in tre giorni. Si comincia venerd\u00ec 27 luglio, a San Giorgio d&#8217;Albenga, dove, nell&#8217;ambito dell&#8217;omonima sagra, \u00e8 in programma il &#8220;Trofeo du Michettin&#8221;. L&#8217;edizione numero 26, che si disputer\u00e0 sull&#8217;ormai tradizionale percorso di 8 chilometri, prender\u00e0 il via alle [&hellip;]<\/p>\n","protected":false},"author":13744,"featured_media":0,"comment_status":"open","ping_status":"closed","sticky":false,"template":"","format":"standard","meta":{"footnotes":""},"categories":[32],"tags":[86164,345,85857,176],"class_list":["post-221763","post","type-post","status-publish","format-standard","hentry","category-sport","tag-carbuta","tag-corsa","tag-millesimo","tag-podismo","post_cat_citta-albenga","post_cat_citta-calice-ligure","post_cat_citta-cengio","post_cat_citta-ceriale","post_cat_citta-millesimo"],"amp_validity":null,"amp_enabled":true,"_links":{"self":[{"href":"https:\/\/staging.ivg.it\/ediapi\/wp\/v2\/posts\/221763","targetHints":{"allow":["GET"]}}],"collection":[{"href":"https:\/\/staging.ivg.it\/ediapi\/wp\/v2\/posts"}],"about":[{"href":"https:\/\/staging.ivg.it\/ediapi\/wp\/v2\/types\/post"}],"author":[{"embeddable":true,"href":"https:\/\/staging.ivg.it\/ediapi\/wp\/v2\/users\/13744"}],"replies":[{"embeddable":true,"href":"https:\/\/staging.ivg.it\/ediapi\/wp\/v2\/comments?post=221763"}],"version-history":[{"count":0,"href":"https:\/\/staging.ivg.it\/ediapi\/wp\/v2\/posts\/221763\/revisions"}],"wp:attachment":[{"href":"https:\/\/staging.ivg.it\/ediapi\/wp\/v2\/media?parent=221763"}],"wp:term":[{"taxonomy":"category","embeddable":true,"href":"https:\/\/staging.ivg.it\/ediapi\/wp\/v2\/categories?post=221763"},{"taxonomy":"post_tag","embeddable":true,"href":"https:\/\/staging.ivg.it\/ediapi\/wp\/v2\/tags?post=221763"}],"curies":[{"name":"wp","href":"https:\/\/api.w.org\/{rel}","templated":true}]}}