{"id":221761,"date":"2012-07-24T10:43:02","date_gmt":"2012-07-24T08:43:02","guid":{"rendered":"http:\/\/www.ivg.it\/?p=221761"},"modified":"2012-07-24T10:43:02","modified_gmt":"2012-07-24T08:43:02","slug":"borghetto-domani-il-centro-animato-dal-percorso-enogastronomico-notte-rosa","status":"publish","type":"post","link":"https:\/\/staging.ivg.it\/2012\/07\/borghetto-domani-il-centro-animato-dal-percorso-enogastronomico-notte-rosa\/","title":{"rendered":"Borghetto, domani il centro animato dal percorso enogastronomico &#8220;Notte Rosa&#8221;"},"content":{"rendered":"<p><strong>Borghetto S.S<\/strong>. Domani sera, a partire dalle 17, Borghetto ospiter\u00e0 il percorso enogastronomico &#8220;Notte Rosa&#8221;. L&#8217;iniziativa, promossa dal CIV, in collaborazione con la Proloco e l&#8217;Assessorato alla Cultura e al Turismo<br \/>\nsi terr\u00e0 nel centro storico, Piazza Indipendenza e via Dante.<\/p>\n<p>&#8220;Dopo il successo delle passate edizioni il CIV Ponente ripropone anche per questa estate i Percorsi Enogastronomici\u00a0con\u00a0lo scopo\u00a0di far conoscere\u00a0ai nostri ospiti e non solo, gli angoli pi\u00f9 caratteristici del Centro Storico di Borghetto. Sar\u00e0 una serata dedicata in particolare ai giovani: nei vari angoli del Centro Storico saranno presenti giovani band che intratterranno il pubblico per tutta la serata; ci saranno occasioni di animazione ed intrattenimento per i bambini; l\u2019angolo \u201cTruccabimbi\u201d e molto altro. Come sempre non potranno mancare le varie degustazioni di prodotti tipici ed il tradizionale V\u00f6\u00e2 Buttega con le bancarelle fuori dai negozi, ricche di occasioni&#8221; spiegano gli organizzatori.<\/p>\n<p>&#8220;Il CIV ci propone una serata rivolta ai giovani ed ai bambini, con molte attivit\u00e0 dedicate ai pi\u00f9 piccoli e spazio per i giovani talenti musicali. Il nostro Centro Storico verr\u00e0 valorizzato ancora una volta da un\u2019iniziativa che promuover\u00e0 il territorio ed i prodotti locali della nostra cittadina&#8221; commenta il sindaco Giovanni Gandolfo.<\/p>\n","protected":false},"excerpt":{"rendered":"<p>Borghetto S.S. Domani sera, a partire dalle 17, Borghetto ospiter\u00e0 il percorso enogastronomico &#8220;Notte Rosa&#8221;. L&#8217;iniziativa, promossa dal CIV, in collaborazione con la Proloco e l&#8217;Assessorato alla Cultura e al Turismo si terr\u00e0 nel centro storico, Piazza Indipendenza e via Dante. &#8220;Dopo il successo delle passate edizioni il CIV Ponente ripropone anche per questa estate [&hellip;]<\/p>\n","protected":false},"author":13744,"featured_media":0,"comment_status":"open","ping_status":"closed","sticky":false,"template":"","format":"standard","meta":{"footnotes":""},"categories":[],"tags":[161],"class_list":["post-221761","post","type-post","status-publish","format-standard","hentry","tag-borghetto","post_cat_citta-borghetto-santo-spirito"],"amp_validity":null,"amp_enabled":true,"_links":{"self":[{"href":"https:\/\/staging.ivg.it\/ediapi\/wp\/v2\/posts\/221761","targetHints":{"allow":["GET"]}}],"collection":[{"href":"https:\/\/staging.ivg.it\/ediapi\/wp\/v2\/posts"}],"about":[{"href":"https:\/\/staging.ivg.it\/ediapi\/wp\/v2\/types\/post"}],"author":[{"embeddable":true,"href":"https:\/\/staging.ivg.it\/ediapi\/wp\/v2\/users\/13744"}],"replies":[{"embeddable":true,"href":"https:\/\/staging.ivg.it\/ediapi\/wp\/v2\/comments?post=221761"}],"version-history":[{"count":0,"href":"https:\/\/staging.ivg.it\/ediapi\/wp\/v2\/posts\/221761\/revisions"}],"wp:attachment":[{"href":"https:\/\/staging.ivg.it\/ediapi\/wp\/v2\/media?parent=221761"}],"wp:term":[{"taxonomy":"category","embeddable":true,"href":"https:\/\/staging.ivg.it\/ediapi\/wp\/v2\/categories?post=221761"},{"taxonomy":"post_tag","embeddable":true,"href":"https:\/\/staging.ivg.it\/ediapi\/wp\/v2\/tags?post=221761"}],"curies":[{"name":"wp","href":"https:\/\/api.w.org\/{rel}","templated":true}]}}