{"id":221624,"date":"2012-07-21T14:45:48","date_gmt":"2012-07-21T12:45:48","guid":{"rendered":"http:\/\/www.ivg.it\/?p=221624"},"modified":"2012-07-21T14:17:28","modified_gmt":"2012-07-21T12:17:28","slug":"cultura-in-viaggio-a-spotorno-lunedi-in-scena-platero-y-yo","status":"publish","type":"post","link":"https:\/\/staging.ivg.it\/2012\/07\/cultura-in-viaggio-a-spotorno-lunedi-in-scena-platero-y-yo\/","title":{"rendered":"&#8220;Cultura in viaggio&#8221; a Spotorno: luned\u00ec in scena &#8220;Platero y yo&#8221;"},"content":{"rendered":"<p><strong>Spotorno<\/strong>. &#8220;Cultura in viaggio&#8221; \u00e8 una originale rassegna culturale che arricchir\u00e0 di eventi la settimana dal 23 al 28 luglio a Spotorno. &#8220;L&#8217;iniziativa \u2013 spiega il consigliere delegato all&#8217;assessorato alla cultura Andrea Minetti &#8211;  proporr\u00e0 due spettacoli serali, un incontro con lo scrittore Marco Vichi e cinque appuntamenti cultural-gastronomici con altrettanti autori noir&#8221;.<\/p>\n<p>L&#8217;assessorato alla cultura e la biblioteca civica &#8220;Camillo Sbarbaro&#8221; stanno diventando un importante punto di riferimento per gli appassionati di letteratura, arte e cinema: oltre a &#8220;Libri in riva al mare&#8221;, gentilmente ospitato dagli stabilimenti balneari, alle varie mostre tenute presso la Sala Palace dalle associazioni culturali spotornesi ed ai laboratori per bambini come &#8220;Un mare di gusto&#8221;, quest&#8217;anno si introdurranno due grandi novit\u00e0.<\/p>\n<p>Dal 17 al 19 agosto presso la Sala Palace e piazza della Vittoria andr\u00e0 in scena il festival dei cortometraggi &#8220;Overlook Film Festival&#8221;, mentre a luglio sar\u00e0 il momento di &#8220;Cultura in viaggio&#8221;, la settimana della cultura.<\/p>\n<p>Il tema della prima edizione sar\u00e0 appunto il &#8220;viaggio&#8221; nella letteratura, con la riproposizione di due opere legate a quel tema: &#8220;Platero y yo&#8221;, un classico della letteratura spagnola, il viaggio poetico e magico di un poeta e di un asino nel paesaggio andaluso, e &#8220;Inferno&#8221; di Dante Alighieri, una rappresentazione teatrale itinerante del viaggio pi\u00f9 famoso della letteratura mondiale.<\/p>\n<p>Luned\u00ec 23 luglio in piazza della Vittoria andr\u00e0 in scena &#8220;Platero y yo&#8221; di J. R. Jim\u00e9nez, un melologo per chitarra e voce recitante con performance pittorica, con Debora Mancini, Luigi Sabbatini, Marta Fumagalli con la collaborazione di Riccardo Pirovano, a cura dell\u2019Associazione Realt\u00e0 Debora Mancini. Dalle ore 16 alle ore 18 presso la biblioteca civica, in via Aurelia 119, si terr\u00e0 un laboratorio di pittura, scenografia e liuteria per bambini introduttivo allo spettacolo serale.<\/p>\n<p>Mercoled\u00ec 25 luglio in piazza della Vittoria, dalle ore 21,30, ci sar\u00e0 un incontro con lo scrittore Marco Vichi, creatore del commissario Bordelli (personaggio protagonista di romanzi vincitori di numerosi premi letterari) e collaboratore di numerose riviste e quotidiani nazionali. Ad introdurre la serata lo scrittore Roberto Centazzo.<\/p>\n<p>Gioved\u00ec 26 luglio in piazza della Vittoria dalle ore 21,15 (con partenza ogni venti minuti) andr\u00e0 in scena &#8220;Inferno&#8221; dalla &#8220;Divina Commedia&#8221; di Dante Alighieri, spettacolo itinerante per le vie del paese a cura di \u201cUno Sguardo dal palcoscenico\u201d, con la compagnia stabile del Teatro Citt\u00e0 di Cairo Montenotte e la partecipazione amichevole e straordinaria di Marina Thovez e Mario Zucca.<\/p>\n<p>Inoltre, tutte le sere da luned\u00ec 23 a sabato 28 luglio, alle ore 21,30, presso la Cartolibreria Scarabocchi di via Garibaldi, spazio all'&#8221;Ammazzacaff\u00e9&#8221;: una serie di incontri con autori noir a cura di Fratelli Frilli editore in collaborazione con la ditta Augusto Vincenzo Besio di Savona, che offrir\u00e0 i suoi famosi chinotti al maraschino.<\/p>\n","protected":false},"excerpt":{"rendered":"<p>Spotorno. &#8220;Cultura in viaggio&#8221; \u00e8 una originale rassegna culturale che arricchir\u00e0 di eventi la settimana dal 23 al 28 luglio a Spotorno. &#8220;L&#8217;iniziativa \u2013 spiega il consigliere delegato all&#8217;assessorato alla cultura Andrea Minetti &#8211; proporr\u00e0 due spettacoli serali, un incontro con lo scrittore Marco Vichi e cinque appuntamenti cultural-gastronomici con altrettanti autori noir&#8221;. L&#8217;assessorato alla [&hellip;]<\/p>\n","protected":false},"author":13744,"featured_media":0,"comment_status":"open","ping_status":"closed","sticky":false,"template":"","format":"standard","meta":{"footnotes":""},"categories":[],"tags":[86092,85863],"class_list":["post-221624","post","type-post","status-publish","format-standard","hentry","tag-biblioteca-civica","tag-spotorno","post_cat_citta-spotorno"],"amp_validity":null,"amp_enabled":true,"_links":{"self":[{"href":"https:\/\/staging.ivg.it\/ediapi\/wp\/v2\/posts\/221624","targetHints":{"allow":["GET"]}}],"collection":[{"href":"https:\/\/staging.ivg.it\/ediapi\/wp\/v2\/posts"}],"about":[{"href":"https:\/\/staging.ivg.it\/ediapi\/wp\/v2\/types\/post"}],"author":[{"embeddable":true,"href":"https:\/\/staging.ivg.it\/ediapi\/wp\/v2\/users\/13744"}],"replies":[{"embeddable":true,"href":"https:\/\/staging.ivg.it\/ediapi\/wp\/v2\/comments?post=221624"}],"version-history":[{"count":0,"href":"https:\/\/staging.ivg.it\/ediapi\/wp\/v2\/posts\/221624\/revisions"}],"wp:attachment":[{"href":"https:\/\/staging.ivg.it\/ediapi\/wp\/v2\/media?parent=221624"}],"wp:term":[{"taxonomy":"category","embeddable":true,"href":"https:\/\/staging.ivg.it\/ediapi\/wp\/v2\/categories?post=221624"},{"taxonomy":"post_tag","embeddable":true,"href":"https:\/\/staging.ivg.it\/ediapi\/wp\/v2\/tags?post=221624"}],"curies":[{"name":"wp","href":"https:\/\/api.w.org\/{rel}","templated":true}]}}