{"id":221261,"date":"2012-07-17T08:50:04","date_gmt":"2012-07-17T06:50:04","guid":{"rendered":"http:\/\/www.ivg.it\/?p=221261"},"modified":"2012-07-17T08:50:04","modified_gmt":"2012-07-17T06:50:04","slug":"tagli-pronto-soccorso-albenga-anche-sel-dice-no","status":"publish","type":"post","link":"https:\/\/staging.ivg.it\/2012\/07\/tagli-pronto-soccorso-albenga-anche-sel-dice-no\/","title":{"rendered":"Tagli Pronto Soccorso Albenga: anche Sel dice no"},"content":{"rendered":"<p><strong>Albenga.<\/strong> &#8220;Il prospettato declassamento del Pronto Soccorso dell&#8217;ospedale di Albenga in mero presidio di primo soccorso (chiuso nelle ore notturne) non pu\u00f2 che suscitare seria preoccupazione in tutti coloro che, come noi di Sel, ritengono che le misure di risparmio e di razionalizzazione non debbano in alcun modo incidere sulla qualit\u00e0 e sull&#8217;efficienza dei servizi&#8221; lo si legge in una nota del partito di sinistra.<\/p>\n<p>&#8220;Noi riteniamo che sia inconcepibile risparmiare sui diritti fondamentali delle persone e che la razionalizzazione debba implicare una migliore organizzazione dei servizi e, quindi, una pi\u00f9 elevata qualit\u00e0 degli stessi, e non un loro depauperamento. La logica banale dei &#8216;tagli di spesa&#8217; \u00e8 incompatibile, se applicata acriticamente e indiscriminatamente, con l&#8217;esigenza di conservare intatti i capisaldi della civilt\u00e0 e della convivenza civile&#8221;.<\/p>\n<p>&#8220;Peraltro, l&#8217;idea che l&#8217;accentramento dei servizi in grandi ospedali favorisca la specializzazione e il miglioramento qualitativo del servizio, valida in astratto, si scontra, in concreto, con la peculiarit\u00e0 della posta in palio che, in questo caso, \u00e8 costituita dalla vita dei cittadini &#8211; si legge ancora &#8211; E&#8217; inutile offrire un servizio iper specializzato e avanguardistico se poi il cittadino giunge morto in ospedale a causa del tempo impiegato dai mezzi di soccorso per giungere a destinazione o del congestionamento del pronto soccorso ricevente&#8221;.<\/p>\n<p>&#8220;D&#8217;altro canto l&#8217;indebolimento del presidio ospedaliero sembra inquadrarsi in una difficilmente comprensibile logica di sistematica spoliazione del territorio ingauno (si rammenti, ad esempio, il problema della chiusura della sezione distaccata di tribunale e la drastica riduzione dei servizi erogati dalla sede locale dell&#8217;Agenzia delle Entrate), che tende sempre pi\u00f9 ad essere emarginato e isolato. Riteniamo quindi che sia indispensabile conservare nel pieno delle sue funzioni l&#8217;ospedale di Albenga e il suo Pronto Soccorso e che il concetto di &#8216;razionalizzazione&#8217; debba essere applicato non solo alla spesa, ma anche ai criteri adottati per ridurla&#8221; conclude la nota. <\/p>\n","protected":false},"excerpt":{"rendered":"<p>Albenga. &#8220;Il prospettato declassamento del Pronto Soccorso dell&#8217;ospedale di Albenga in mero presidio di primo soccorso (chiuso nelle ore notturne) non pu\u00f2 che suscitare seria preoccupazione in tutti coloro che, come noi di Sel, ritengono che le misure di risparmio e di razionalizzazione non debbano in alcun modo incidere sulla qualit\u00e0 e sull&#8217;efficienza dei servizi&#8221; [&hellip;]<\/p>\n","protected":false},"author":13744,"featured_media":0,"comment_status":"open","ping_status":"closed","sticky":false,"template":"","format":"standard","meta":{"footnotes":""},"categories":[31],"tags":[85841,872,2688,20379],"class_list":["post-221261","post","type-post","status-publish","format-standard","hentry","category-politica","tag-albenga","tag-ospedale","tag-pronto-soccorso","tag-sel","post_cat_citta-albenga"],"amp_validity":null,"amp_enabled":true,"_links":{"self":[{"href":"https:\/\/staging.ivg.it\/ediapi\/wp\/v2\/posts\/221261","targetHints":{"allow":["GET"]}}],"collection":[{"href":"https:\/\/staging.ivg.it\/ediapi\/wp\/v2\/posts"}],"about":[{"href":"https:\/\/staging.ivg.it\/ediapi\/wp\/v2\/types\/post"}],"author":[{"embeddable":true,"href":"https:\/\/staging.ivg.it\/ediapi\/wp\/v2\/users\/13744"}],"replies":[{"embeddable":true,"href":"https:\/\/staging.ivg.it\/ediapi\/wp\/v2\/comments?post=221261"}],"version-history":[{"count":0,"href":"https:\/\/staging.ivg.it\/ediapi\/wp\/v2\/posts\/221261\/revisions"}],"wp:attachment":[{"href":"https:\/\/staging.ivg.it\/ediapi\/wp\/v2\/media?parent=221261"}],"wp:term":[{"taxonomy":"category","embeddable":true,"href":"https:\/\/staging.ivg.it\/ediapi\/wp\/v2\/categories?post=221261"},{"taxonomy":"post_tag","embeddable":true,"href":"https:\/\/staging.ivg.it\/ediapi\/wp\/v2\/tags?post=221261"}],"curies":[{"name":"wp","href":"https:\/\/api.w.org\/{rel}","templated":true}]}}