{"id":220988,"date":"2012-07-12T15:22:54","date_gmt":"2012-07-12T13:22:54","guid":{"rendered":"http:\/\/www.ivg.it\/?p=220988"},"modified":"2012-07-12T19:35:41","modified_gmt":"2012-07-12T17:35:41","slug":"pietra-ligure-ecco-gli-eventi-previsti-per-il-weekend","status":"publish","type":"post","link":"https:\/\/staging.ivg.it\/2012\/07\/pietra-ligure-ecco-gli-eventi-previsti-per-il-weekend\/","title":{"rendered":"Pietra Ligure, ecco gli eventi previsti per il weekend"},"content":{"rendered":"<p><strong>Pietra Ligure<\/strong>. Sar\u00e0 un weekend pieno di eventi nella cittadina ligure. Si inizier\u00e0 stasera alle ore 20 con &#8220;Pesto e Mortaio&#8221; sul lungomare Don G. Bado, la serata enogastronomica con il mortaio protagonista organizzata dall&#8217;associazione &#8220;Lungomare da Pr\u00eca&#8221;. Nella serata inoltre la passeggiata a mare si animer\u00e0 con le golose proposte delle singole attivit\u00e0 commerciali, tutte preparate col protagonista assoluto della cucina nostrana.<\/p>\n<p>In seguito domani sera alle ore 21.30, continua la rassegna &#8220;Rotonda sul Mare&#8221; arrivata alla sua seconda edizione in piazza San Nicol\u00f2. Sul palco saliranno Paolo Cevoli e Eugenio Amato, 2\u00b0 classificato a &#8220;Italia\u2019s got talent&#8221;.<br \/>\nL&#8217;ingresso sar\u00e0 a pagamento. <\/p>\n<p>Sabato 14 luglio, inoltre, presso l&#8217;oratorio SS. Annunziata alle ore 21.30 si terr\u00e0 il concerto di musica sacra, cantato dal &#8220;Coro Polifonico Pietrese&#8221; &#038; &#8220;Ensemble Castrum Petrae&#8221;.<\/p>\n<p>Infine domenica 15 sempre per la rassegna &#8220;Rotonda sul Mare&#8221; presso la zona Ajetta\/piazza La Pietra e nei carruggi si terranno dei percorsi musicali con l&#8217;aggiunta di un&#8217; apericena. <\/p>\n","protected":false},"excerpt":{"rendered":"<p>Pietra Ligure. Sar\u00e0 un weekend pieno di eventi nella cittadina ligure. Si inizier\u00e0 stasera alle ore 20 con &#8220;Pesto e Mortaio&#8221; sul lungomare Don G. Bado, la serata enogastronomica con il mortaio protagonista organizzata dall&#8217;associazione &#8220;Lungomare da Pr\u00eca&#8221;. Nella serata inoltre la passeggiata a mare si animer\u00e0 con le golose proposte delle singole attivit\u00e0 commerciali, [&hellip;]<\/p>\n","protected":false},"author":13744,"featured_media":0,"comment_status":"open","ping_status":"closed","sticky":false,"template":"","format":"standard","meta":{"footnotes":""},"categories":[],"tags":[85980,85830,110,15287],"class_list":["post-220988","post","type-post","status-publish","format-standard","hentry","tag-eventi","tag-pietra-ligure","tag-spettacolo","tag-weekend","post_cat_citta-pietra-ligure"],"amp_validity":null,"amp_enabled":true,"_links":{"self":[{"href":"https:\/\/staging.ivg.it\/ediapi\/wp\/v2\/posts\/220988","targetHints":{"allow":["GET"]}}],"collection":[{"href":"https:\/\/staging.ivg.it\/ediapi\/wp\/v2\/posts"}],"about":[{"href":"https:\/\/staging.ivg.it\/ediapi\/wp\/v2\/types\/post"}],"author":[{"embeddable":true,"href":"https:\/\/staging.ivg.it\/ediapi\/wp\/v2\/users\/13744"}],"replies":[{"embeddable":true,"href":"https:\/\/staging.ivg.it\/ediapi\/wp\/v2\/comments?post=220988"}],"version-history":[{"count":0,"href":"https:\/\/staging.ivg.it\/ediapi\/wp\/v2\/posts\/220988\/revisions"}],"wp:attachment":[{"href":"https:\/\/staging.ivg.it\/ediapi\/wp\/v2\/media?parent=220988"}],"wp:term":[{"taxonomy":"category","embeddable":true,"href":"https:\/\/staging.ivg.it\/ediapi\/wp\/v2\/categories?post=220988"},{"taxonomy":"post_tag","embeddable":true,"href":"https:\/\/staging.ivg.it\/ediapi\/wp\/v2\/tags?post=220988"}],"curies":[{"name":"wp","href":"https:\/\/api.w.org\/{rel}","templated":true}]}}