{"id":220946,"date":"2012-07-12T09:36:29","date_gmt":"2012-07-12T07:36:29","guid":{"rendered":"http:\/\/www.ivg.it\/?p=220946"},"modified":"2012-07-12T11:40:38","modified_gmt":"2012-07-12T09:40:38","slug":"finale-e-il-turismo-ambientale-castellazzi-comune-deve-rispettare-impegni-e-creare-il-parco-di-san-bernardino","status":"publish","type":"post","link":"https:\/\/staging.ivg.it\/2012\/07\/finale-e-il-turismo-ambientale-castellazzi-comune-deve-rispettare-impegni-e-creare-il-parco-di-san-bernardino\/","title":{"rendered":"Finale e il turismo ambientale, Castellazzi: &#8220;Comune deve rispettare impegni e creare il Parco di San Bernardino&#8221;"},"content":{"rendered":"<p><strong>Finale L.<\/strong> &#8220;Turismo ambientale&#8221; e &#8220;Parco di San Bernardino&#8221; per bikers, trekking ed equitazione. Il portavoce dei Verdi finalesi Gabriello Castellazzi torna su questi argomenti e ribadisce l&#8217;importanza di queste iniziative che possono rappresentare una grande opportunit\u00e0 di crescita per Finale, ma soprattutto &#8220;sono un impegno che deve essere onorato per il bene di tutto il Finalese&#8221;.<\/p>\n<p>&#8220;Un rapporto della Commissione Europea (segnalato da Legambiente) dice che il turismo verde ha una prospettiva di sviluppo tre volte superiore rispetto agli altri settori &#8211; esordisce Castellazzi -. Per questo si ritiene doveroso segnalare come l&#8217;amministrazione Comunale di Finale, con un recente provvedimento, abbia fatto cadere sulle spalle di tutti i cittadini i costi riguardanti viabilit\u00e0 (manutenzione e pulizia delle strade), illuminazione e gestione di tutti i servizi della &#8216;Lottizzazione San Bernardino&#8217;, con una spesa annua di circa 50.000 euro. I Verdi Finalesi, dopo una verifica degli impegni assunti a suo tempo dall&#8217;Immobiliare Milanese verso il Comune di Finale, hanno scoperto come l&#8217;accordo, formalizzato nel lontano 1978, che consent\u00ec di costruire circa 200.000 mc. di case, sia ancora da onorare in altre parti vitali per la Citt\u00e0&#8221;.<\/p>\n<p>&#8220;In primis &#8211; continua il portavoce dei Verdi -, il passaggio all&#8217;Amministrazione Pubblica finalese dei costi sopracitati era effettivamente compresa nell&#8217;atto d&#8217;obbligo tra la Societ\u00e0 Milanese e il Comune, ma soltanto dopo una reale e completa sistemazione, con verifica, della piena efficienza di tutte le strutture collegate (pali della luce, rete delle acque nere e delle acque bianche, fondo stradale),cosa che \u00e8 avvenuta solo in minima parte. Ma il fatto pi\u00f9 delicato \u00e8 che nello stesso accordo venne chiaramente preso l&#8217;impegno di cedere alla comunit\u00e0 finalese, &#8216;a titolo gratuito&#8217;, tutti i terreni dell&#8217;altopiano non interessati alle costruzioni e con perenne vincolo di inedificabilit\u00e0&#8221;.<\/p>\n<p>&#8220;Inspiegabilmente, questa parte dell&#8217;accordo, che sarebbe una grande opportunit\u00e0 per il turismo locale, non \u00e8 stata ancora definita da nessuna delle passate Amministrazioni, nonostante lo scorrere degli anni. Nell&#8217;atto sono elencate in modo preciso tutte le particelle catastali &#8216;concernente un comprensorio di aree asservite avente una superficie complessiva di 1.107.094 mq&#8217;. Di tutta questa vasta area, la porzione vincolata, non edificabile, sarebbe diventata &#8216;Area Parco&#8217; e passata in propriet\u00e0 al Comune di Finale per soddisfare le necessit\u00e0 di turismo sportivo-ambientale&#8221;.<\/p>\n<p>&#8220;Infatti, come si pu\u00f2 leggere in modo chiaro nell&#8217;atto d&#8217;obbligo: &#8216;tutte le aree verranno attrezzate a Parco a cura e spese della societ\u00e0 S. Bernardino e, quindi, dotate dei servizi e delle infrastrutture proprie di tale destinazione&#8217;. Finale avrebbe a questo punto, a disposizione, un&#8217;ampia area pubblica attrezzata da utilizzare per tutte quelle attivit\u00e0 sportive che si dimostrano sempre pi\u00f9 importanti per lo sviluppo di un turismo sostenibile, in armonia con il nostro entroterra&#8221; aggiunge Castellazzi.<\/p>\n<p>&#8220;La Giunta Richeri, pur essendo contraria alla realizzazione del &#8216;Parco Naturale del Finalese&#8217;, non pu\u00f2 mancare quest&#8217;ultima occasione per onorare gli impegni passati e realizzare un primo &#8216;Parco&#8217; al servizio del turismo, su di un&#8217;area di sua esclusiva competenza, stipulando eventualmente convenzioni con le tante societ\u00e0 sportive impegnate con successo nelle attivit\u00e0 &#8216;outdoor'&#8221; conclude il portavoce dei Verdi.<\/p>\n","protected":false},"excerpt":{"rendered":"<p>Finale L. &#8220;Turismo ambientale&#8221; e &#8220;Parco di San Bernardino&#8221; per bikers, trekking ed equitazione. Il portavoce dei Verdi finalesi Gabriello Castellazzi torna su questi argomenti e ribadisce l&#8217;importanza di queste iniziative che possono rappresentare una grande opportunit\u00e0 di crescita per Finale, ma soprattutto &#8220;sono un impegno che deve essere onorato per il bene di tutto [&hellip;]<\/p>\n","protected":false},"author":13744,"featured_media":0,"comment_status":"open","ping_status":"closed","sticky":false,"template":"","format":"standard","meta":{"footnotes":""},"categories":[56],"tags":[25585,209,499],"class_list":["post-220946","post","type-post","status-publish","format-standard","hentry","category-altre","tag-castellazzi","tag-finale","tag-verdi","post_cat_citta-finale-ligure"],"amp_validity":null,"amp_enabled":true,"_links":{"self":[{"href":"https:\/\/staging.ivg.it\/ediapi\/wp\/v2\/posts\/220946","targetHints":{"allow":["GET"]}}],"collection":[{"href":"https:\/\/staging.ivg.it\/ediapi\/wp\/v2\/posts"}],"about":[{"href":"https:\/\/staging.ivg.it\/ediapi\/wp\/v2\/types\/post"}],"author":[{"embeddable":true,"href":"https:\/\/staging.ivg.it\/ediapi\/wp\/v2\/users\/13744"}],"replies":[{"embeddable":true,"href":"https:\/\/staging.ivg.it\/ediapi\/wp\/v2\/comments?post=220946"}],"version-history":[{"count":0,"href":"https:\/\/staging.ivg.it\/ediapi\/wp\/v2\/posts\/220946\/revisions"}],"wp:attachment":[{"href":"https:\/\/staging.ivg.it\/ediapi\/wp\/v2\/media?parent=220946"}],"wp:term":[{"taxonomy":"category","embeddable":true,"href":"https:\/\/staging.ivg.it\/ediapi\/wp\/v2\/categories?post=220946"},{"taxonomy":"post_tag","embeddable":true,"href":"https:\/\/staging.ivg.it\/ediapi\/wp\/v2\/tags?post=220946"}],"curies":[{"name":"wp","href":"https:\/\/api.w.org\/{rel}","templated":true}]}}