{"id":220848,"date":"2012-07-10T17:23:35","date_gmt":"2012-07-10T15:23:35","guid":{"rendered":"http:\/\/www.ivg.it\/?p=220848"},"modified":"2012-07-11T10:18:46","modified_gmt":"2012-07-11T08:18:46","slug":"la-grande-manta-continua-lesplorazione-della-costa-avvistata-ad-arenzano","status":"publish","type":"post","link":"https:\/\/staging.ivg.it\/2012\/07\/la-grande-manta-continua-lesplorazione-della-costa-avvistata-ad-arenzano\/","title":{"rendered":"La grande manta continua l&#8217;esplorazione della costa: avvistata ad Arenzano"},"content":{"rendered":"<p><strong>Arenzano<\/strong>. La grande manta che per giorni ha frequentato le acque savonesi \u00e8 stata avvistata tra Arenzano e Cogoleto. Si tratterebbe dello stesso esemplare, considerata la rara probabilit\u00e0 con cui questo pesce tropicale si avvicina alle coste. <\/p>\n<p>La Guardia Costiera di Genova, attraverso la Sala Operativa e il Centro Controllo Area Pesca, ha provveduto da subito a monitorare la situazione ed ha avvisato i biologi e i veterinari dell\u2019Acquario di Genova. Quindi, tramite l&#8217;Ufficio Locale Marittimo di Arenzano, ha tranquillizzato i Comuni ed i titolari degli stabilimenti balneari interessati dagli avvistamenti. <\/p>\n<p>La Guardia Costiera ha pertanto invitato i turisti ed i bagnanti che affollano le spiagge a lasciar nuotare liberamente ed in tutta tranquillit\u00e0 questo gigante del mare che, nonostante le enormi dimensioni, non rappresenta un pericolo per l\u2019uomo.<\/p>\n<p>Ancor prima la manta era stata segnalata ad Albissola. Il fatto che l\u2019esemplare sia uscito dal porto di Savona e sia arrivato sino alle coste pi\u00f9 a levante \u00e8 la testimonianza che non \u00e8 ferito ed \u00e8 in grado di spostarsi fino in mare aperto. Sembrerebbe per ora scongiurato, per l&#8217;insolito pesce, il pericolo di rimanere &#8220;tagliato&#8221; dalle eliche delle imbarcazioni.<\/p>\n<p>&#8220;Fortunatamente la manta non resta confinata nel porto, non \u00e8 bloccata o morente, \u00e8 mobile lungo il litorale savonese. Speriamo che dopo Albissola abbia preso il mare aperto&#8221; aveva auspicato il capitano di fregata Giulio Giraud della Guardia Costiera savonese. Ma probabilmente la grande manta preferisce godersi ancora un po&#8217; la costa, girovagando e nutrendosi di avannotti, piccoli pesci e una parte di plancton. <\/p>\n","protected":false},"excerpt":{"rendered":"<p>Arenzano. La grande manta che per giorni ha frequentato le acque savonesi \u00e8 stata avvistata tra Arenzano e Cogoleto. Si tratterebbe dello stesso esemplare, considerata la rara probabilit\u00e0 con cui questo pesce tropicale si avvicina alle coste. La Guardia Costiera di Genova, attraverso la Sala Operativa e il Centro Controllo Area Pesca, ha provveduto da [&hellip;]<\/p>\n","protected":false},"author":13744,"featured_media":0,"comment_status":"open","ping_status":"closed","sticky":false,"template":"","format":"standard","meta":{"footnotes":""},"categories":[],"tags":[4036,41104,608,85850],"class_list":["post-220848","post","type-post","status-publish","format-standard","hentry","tag-arenzano","tag-manta","tag-pesce","tag-savona","post_cat_citta-andora","post_cat_citta-savona"],"amp_validity":null,"amp_enabled":true,"_links":{"self":[{"href":"https:\/\/staging.ivg.it\/ediapi\/wp\/v2\/posts\/220848","targetHints":{"allow":["GET"]}}],"collection":[{"href":"https:\/\/staging.ivg.it\/ediapi\/wp\/v2\/posts"}],"about":[{"href":"https:\/\/staging.ivg.it\/ediapi\/wp\/v2\/types\/post"}],"author":[{"embeddable":true,"href":"https:\/\/staging.ivg.it\/ediapi\/wp\/v2\/users\/13744"}],"replies":[{"embeddable":true,"href":"https:\/\/staging.ivg.it\/ediapi\/wp\/v2\/comments?post=220848"}],"version-history":[{"count":0,"href":"https:\/\/staging.ivg.it\/ediapi\/wp\/v2\/posts\/220848\/revisions"}],"wp:attachment":[{"href":"https:\/\/staging.ivg.it\/ediapi\/wp\/v2\/media?parent=220848"}],"wp:term":[{"taxonomy":"category","embeddable":true,"href":"https:\/\/staging.ivg.it\/ediapi\/wp\/v2\/categories?post=220848"},{"taxonomy":"post_tag","embeddable":true,"href":"https:\/\/staging.ivg.it\/ediapi\/wp\/v2\/tags?post=220848"}],"curies":[{"name":"wp","href":"https:\/\/api.w.org\/{rel}","templated":true}]}}