{"id":220821,"date":"2012-07-10T14:00:55","date_gmt":"2012-07-10T12:00:55","guid":{"rendered":"http:\/\/www.ivg.it\/?p=220821"},"modified":"2012-07-10T16:16:01","modified_gmt":"2012-07-10T14:16:01","slug":"piano-delle-citta-savona-punta-al-recupero-di-palazzo-santa-chiara","status":"publish","type":"post","link":"https:\/\/staging.ivg.it\/2012\/07\/piano-delle-citta-savona-punta-al-recupero-di-palazzo-santa-chiara\/","title":{"rendered":"Piano delle Citt\u00e0: Savona punta al recupero di Palazzo Santa Chiara"},"content":{"rendered":"<p><strong>Savona<\/strong>. La giunta comunale di Savona ha approvato la delibera relativa alla partecipazione al Piano nazionale per le Citt\u00e0 istituito dal Governo nell&#8217;ambito delle misure per la crescita economica. In sostanza il Ministero delle Infrastrutture, insieme a quelli dei Beni Culturali e della Ricerca Scientifica daranno vita ad una cabina di regia per recepire progetti per le citt\u00e0 italiane, in un&#8217;ottica di riqualificazione urbana. <\/p>\n<p>E&#8217; uno strumento di nuova istituzione, al quale il Comune di Savona ha voluto partecipare predisponendo per tempo una ipotesi di proposta per un complesso di interventi. La cifra totale messa a disposizione del Governo \u00e8 al momento di 200 milioni su scala nazionale, che verranno ripartiti tra i vari progetti presentati ed approvati. <\/p>\n<p>Il vicesindaco Paolo Gaggero evidenzia: \u201cAttraverso IPS, e senza oneri, abbiamo predisposto uno studio di fattibilit\u00e0 per alcune opere, con relative ipotesi di costo. L&#8217;elemento prioritario \u00e8 quello del recupero di Palazzo Della Rovere o Santa Chiara, un bene del Demanio che sar\u00e0 trasferito al Comune, con il presupposto di un piano di valorizzazione e un programma di restauro da presentare al Ministero\u201d. <\/p>\n<p>Gli altri interventi proposti a seguire sono quelli relativi al Mercato Civico, l&#8217;Ostello della Giovent\u00f9 sul Priamar, ponte pedonale tra complesso del Brandale e terrazzette della Darsena attraverso una passerella, passerella ciclopedonale attorno al Priamar per collegare la passeggiata a ponente con la Darsena, ed infine il &#8220;people mover&#8221; ipotizzato dalla Stazione Ferroviaria Mongrifone al centro ottocentesco della citt\u00e0 in piazza del Popolo. <\/p>\n","protected":false},"excerpt":{"rendered":"<p>Savona. La giunta comunale di Savona ha approvato la delibera relativa alla partecipazione al Piano nazionale per le Citt\u00e0 istituito dal Governo nell&#8217;ambito delle misure per la crescita economica. In sostanza il Ministero delle Infrastrutture, insieme a quelli dei Beni Culturali e della Ricerca Scientifica daranno vita ad una cabina di regia per recepire progetti [&hellip;]<\/p>\n","protected":false},"author":13744,"featured_media":0,"comment_status":"open","ping_status":"closed","sticky":false,"template":"","format":"standard","meta":{"footnotes":""},"categories":[31],"tags":[41503,85850],"class_list":["post-220821","post","type-post","status-publish","format-standard","hentry","category-politica","tag-palazzo-santa-chiara","tag-savona","post_cat_citta-savona"],"amp_validity":null,"amp_enabled":true,"_links":{"self":[{"href":"https:\/\/staging.ivg.it\/ediapi\/wp\/v2\/posts\/220821","targetHints":{"allow":["GET"]}}],"collection":[{"href":"https:\/\/staging.ivg.it\/ediapi\/wp\/v2\/posts"}],"about":[{"href":"https:\/\/staging.ivg.it\/ediapi\/wp\/v2\/types\/post"}],"author":[{"embeddable":true,"href":"https:\/\/staging.ivg.it\/ediapi\/wp\/v2\/users\/13744"}],"replies":[{"embeddable":true,"href":"https:\/\/staging.ivg.it\/ediapi\/wp\/v2\/comments?post=220821"}],"version-history":[{"count":0,"href":"https:\/\/staging.ivg.it\/ediapi\/wp\/v2\/posts\/220821\/revisions"}],"wp:attachment":[{"href":"https:\/\/staging.ivg.it\/ediapi\/wp\/v2\/media?parent=220821"}],"wp:term":[{"taxonomy":"category","embeddable":true,"href":"https:\/\/staging.ivg.it\/ediapi\/wp\/v2\/categories?post=220821"},{"taxonomy":"post_tag","embeddable":true,"href":"https:\/\/staging.ivg.it\/ediapi\/wp\/v2\/tags?post=220821"}],"curies":[{"name":"wp","href":"https:\/\/api.w.org\/{rel}","templated":true}]}}