{"id":220637,"date":"2012-07-07T07:49:40","date_gmt":"2012-07-07T05:49:40","guid":{"rendered":"http:\/\/www.ivg.it\/?p=220637"},"modified":"2012-07-07T07:49:40","modified_gmt":"2012-07-07T05:49:40","slug":"cisano-sul-neva-lavori-pubblici-in-localita-campo-raffe-la-lega-nord-plaude-lamministrazione","status":"publish","type":"post","link":"https:\/\/staging.ivg.it\/2012\/07\/cisano-sul-neva-lavori-pubblici-in-localita-campo-raffe-la-lega-nord-plaude-lamministrazione\/","title":{"rendered":"Cisano sul Neva, lavori pubblici in localit\u00e0 Campo Raff\u00e8: la Lega Nord plaude l&#8217;amministrazione"},"content":{"rendered":"<p><strong>Provincia<\/strong>. Nel corso del Consiglio provinciale che si \u00e8 tenuto gioved\u00ec 5 luglio, durante la discussione in merito all&#8217;accordo di programma per l&#8217;attuazione degli interventi previsti nel Comune di Cisano sul Neva in localit\u00e0 Campo Raff\u00e8, la Lega Nord si \u00e8 complimentata con il sindaco di Cisano sul Neva e con l&#8217;assessore provinciale Santi per la gestione della pratica.<\/p>\n<p>Il capogruppo Stefano Mai ha ricordato l&#8217;entit\u00e0 e l&#8217;importanza dei lavori pubblici previsti in tale accordo: lo spostamento della strada provinciale, attualmente inadeguata nel tratto interessato, la costruzione di due rotatorie e la realizzazione di un controviale, la sistemazione definitiva del Rio del Conte con relativo scarico nel Neva, l&#8217;ampliamento del plesso scolastico presente nel Comune di Cisano, ed altro ancora.<\/p>\n<p>L&#8217;unico veto posto dal capogruppo della Lega riguarda l&#8217;eventuale insediamento di centri commerciali o similari, che inferirebbero un colpo mortale alle attivit\u00e0 commerciali presenti sul territorio.<\/p>\n<p>&#8220;Su questo aspetto &#8211; dichiara Stefano Mai &#8211; abbiamo avuto ampie rassicurazioni e la certezza che nell&#8217;area in questione non ne verranno costruiti. Poich\u00e8 il Pd ha polemizzato dicendo che si trattava di una pratica iniziata nel 2003 e quindi da non rallentare, ho sottolineato che dal 2003 al 2009, quindi per 6 anni, \u00e8 rimasta ferma in mano all&#8217;amministrazione di centrosinistra e che l&#8217;amministrazione attuale negli ultimi mesi l&#8217;ha sbloccata&#8221;.<\/p>\n<p>&#8220;Per il gruppo Lega Nord &#8211; prosegue &#8211; la pratica poteva essere approvata durante la seduta del 5 luglio, ma non ci siamo opposti alla proposta dell&#8217;assessore Santi di rimandarla al prossimo Consiglio provinciale, previsto per fine mese. Riteniamo che sia lecito che alcuni consiglieri ed assessori Pdl, che non hanno partecipato a riunioni sul tema, abbiano il diritto di approfondirla, interpretando tale richiesta come sintomo di trasparenza, segno che la maggioranza non vota a favore a prescindere senza conoscere le pratiche&#8221;.<\/p>\n","protected":false},"excerpt":{"rendered":"<p>Provincia. Nel corso del Consiglio provinciale che si \u00e8 tenuto gioved\u00ec 5 luglio, durante la discussione in merito all&#8217;accordo di programma per l&#8217;attuazione degli interventi previsti nel Comune di Cisano sul Neva in localit\u00e0 Campo Raff\u00e8, la Lega Nord si \u00e8 complimentata con il sindaco di Cisano sul Neva e con l&#8217;assessore provinciale Santi per [&hellip;]<\/p>\n","protected":false},"author":13744,"featured_media":0,"comment_status":"open","ping_status":"closed","sticky":false,"template":"","format":"standard","meta":{"footnotes":""},"categories":[31],"tags":[85899,3087,630,7140],"class_list":["post-220637","post","type-post","status-publish","format-standard","hentry","category-politica","tag-cisano-sul-neva","tag-consiglio-provinciale","tag-lega-nord","tag-stefano-mai","post_cat_citta-cisano-sul-neva"],"amp_validity":null,"amp_enabled":true,"_links":{"self":[{"href":"https:\/\/staging.ivg.it\/ediapi\/wp\/v2\/posts\/220637","targetHints":{"allow":["GET"]}}],"collection":[{"href":"https:\/\/staging.ivg.it\/ediapi\/wp\/v2\/posts"}],"about":[{"href":"https:\/\/staging.ivg.it\/ediapi\/wp\/v2\/types\/post"}],"author":[{"embeddable":true,"href":"https:\/\/staging.ivg.it\/ediapi\/wp\/v2\/users\/13744"}],"replies":[{"embeddable":true,"href":"https:\/\/staging.ivg.it\/ediapi\/wp\/v2\/comments?post=220637"}],"version-history":[{"count":0,"href":"https:\/\/staging.ivg.it\/ediapi\/wp\/v2\/posts\/220637\/revisions"}],"wp:attachment":[{"href":"https:\/\/staging.ivg.it\/ediapi\/wp\/v2\/media?parent=220637"}],"wp:term":[{"taxonomy":"category","embeddable":true,"href":"https:\/\/staging.ivg.it\/ediapi\/wp\/v2\/categories?post=220637"},{"taxonomy":"post_tag","embeddable":true,"href":"https:\/\/staging.ivg.it\/ediapi\/wp\/v2\/tags?post=220637"}],"curies":[{"name":"wp","href":"https:\/\/api.w.org\/{rel}","templated":true}]}}