{"id":220630,"date":"2012-07-06T19:16:51","date_gmt":"2012-07-06T17:16:51","guid":{"rendered":"http:\/\/www.ivg.it\/?p=220630"},"modified":"2012-11-07T17:27:44","modified_gmt":"2012-11-07T16:27:44","slug":"la-manta-e-innocua-e-non-puo-essere-spostata-la-guardia-costiera-risponde-agli-ambientalisti","status":"publish","type":"post","link":"https:\/\/staging.ivg.it\/2012\/07\/la-manta-e-innocua-e-non-puo-essere-spostata-la-guardia-costiera-risponde-agli-ambientalisti\/","title":{"rendered":"&#8220;La manta \u00e8 innocua e non pu\u00f2 essere spostata&#8221;: la Guardia Costiera risponde agli ambientalisti"},"content":{"rendered":"<p><strong>Savona.<\/strong> \u201cLa manta \u00e8 tenuta sotto osservazione, secondo quanto stabilito con i biologi dell\u2019Universit\u00e0 di Genova e con gli specialisti dell\u2019Acquario. Ripetiamo il consiglio di non toccarla e di non avventarsi in operazioni di recupero che sarebbero solo dannose per l\u2019animale e porterebbero anche a dei procedimenti di carattere penale\u2026\u201d. La precisazione arriva dalla Capitaneria di Porto di Savona che ha ricevuto diverse segnalazioni da ambientalisti e associazioni riguardo alla presunta inoperosit\u00e0 della Guardia Costiera savonese per salvare il raro pesce tropicale che da giorni vive tra il bacino portuale e l\u2019immediato litorale savonese. <\/p>\n<p>\u201cAnche oggi \u00e8 stata avvistata in pi\u00f9 punti ma bisogna lasciarla stare, come dicono gli esperti, sperando, e ci sono buone possibilit\u00e0, che prenda il mare aperto, habitat pi\u00f9 consono\u2026Tuttavia la manta \u00e8 innocua e non costituisce alcun pericolo per i bagnanti\u2026Quindi proseguiremo con la nostra attivit\u00e0 di monitoraggio quotidiana\u201d.<\/p>\n","protected":false},"excerpt":{"rendered":"<p>Savona. \u201cLa manta \u00e8 tenuta sotto osservazione, secondo quanto stabilito con i biologi dell\u2019Universit\u00e0 di Genova e con gli specialisti dell\u2019Acquario. Ripetiamo il consiglio di non toccarla e di non avventarsi in operazioni di recupero che sarebbero solo dannose per l\u2019animale e porterebbero anche a dei procedimenti di carattere penale\u2026\u201d. La precisazione arriva dalla Capitaneria [&hellip;]<\/p>\n","protected":false},"author":4381,"featured_media":0,"comment_status":"open","ping_status":"closed","sticky":false,"template":"","format":"standard","meta":{"footnotes":""},"categories":[],"tags":[2454,41104,85850],"class_list":["post-220630","post","type-post","status-publish","format-standard","hentry","tag-guardia-costiera","tag-manta","tag-savona","post_cat_citta-andora","post_cat_citta-savona"],"amp_validity":null,"amp_enabled":true,"_links":{"self":[{"href":"https:\/\/staging.ivg.it\/ediapi\/wp\/v2\/posts\/220630","targetHints":{"allow":["GET"]}}],"collection":[{"href":"https:\/\/staging.ivg.it\/ediapi\/wp\/v2\/posts"}],"about":[{"href":"https:\/\/staging.ivg.it\/ediapi\/wp\/v2\/types\/post"}],"author":[{"embeddable":true,"href":"https:\/\/staging.ivg.it\/ediapi\/wp\/v2\/users\/4381"}],"replies":[{"embeddable":true,"href":"https:\/\/staging.ivg.it\/ediapi\/wp\/v2\/comments?post=220630"}],"version-history":[{"count":0,"href":"https:\/\/staging.ivg.it\/ediapi\/wp\/v2\/posts\/220630\/revisions"}],"wp:attachment":[{"href":"https:\/\/staging.ivg.it\/ediapi\/wp\/v2\/media?parent=220630"}],"wp:term":[{"taxonomy":"category","embeddable":true,"href":"https:\/\/staging.ivg.it\/ediapi\/wp\/v2\/categories?post=220630"},{"taxonomy":"post_tag","embeddable":true,"href":"https:\/\/staging.ivg.it\/ediapi\/wp\/v2\/tags?post=220630"}],"curies":[{"name":"wp","href":"https:\/\/api.w.org\/{rel}","templated":true}]}}