{"id":220390,"date":"2012-07-04T10:46:29","date_gmt":"2012-07-04T08:46:29","guid":{"rendered":"http:\/\/www.ivg.it\/?p=220390"},"modified":"2012-07-04T10:46:29","modified_gmt":"2012-07-04T08:46:29","slug":"fiera-regionale-del-miele-per-tre-giorni-montezemolo-capitale-dellapicoltura","status":"publish","type":"post","link":"https:\/\/staging.ivg.it\/2012\/07\/fiera-regionale-del-miele-per-tre-giorni-montezemolo-capitale-dellapicoltura\/","title":{"rendered":"&#8220;Fiera regionale del miele&#8221;: per tre giorni Montezemolo capitale dell&#8217;apicoltura"},"content":{"rendered":"<p>Il Comune di <strong>Montezemolo <\/strong>si prepara ad ospitare la &#8220;XXXIII Fiera Regionale del miele&#8221; che si terr\u00e0 il 6-7-8 luglio. Il programma della manifestazione \u00e8 come ogni anno ricco di iniziative: convegni, mostre stands, spettacoli, mercatini e degustazioni. &#8220;L&#8217;intuizione di alcuni amministratori comunali tenaci &#8211; spiegano gli organizzatori -, la volont\u00e0 di\u00a0tanti cittadini disposti a crederci, la bellezza di una natura rimasta incontaminata e la capacit\u00e0 di proiettare queste caratteristiche su scala nazionale. Questi sono gli ingredienti di una formula di successo, concretizzatasi di anno in anno, per arrivare a questa 33^ edizione della Fiera Regionale del Miele e delle Attrezzature Apistiche.&#8221;<\/p>\n<p>&#8220;Questa \u00e8 un altro tipo di collina. Una collina dove l&#8217;agricoltura si fa rude, si fa pastorizia; un&#8217;agricoltura che deve essere passione prima che economia, volont\u00e0 prima che sussistenza. Insomma, deve essere vita prima che lavoro. E cos\u00ec, in queste valli lussureggianti di verde nel periodo estivo, candide di bianco quando il manto nevoso le copre, nascono alcuni fra i migliori prodotti che il cuneese possa vantare, su tutti il celeberrimo Miele di Montezemolo. Dal 1979\u00a0Montezemolo\u00a0\u00e8 la capitale del miele del nord-ovest italiano, dove domanda ed offerta si incontrano, dove i palati pi\u00f9 fini (ma anche quelli pi\u00f9 golosi) possono trovare i mieli pi\u00f9 pregiati e ricercati. Non solo.\u00a0Viene valorizzata\u00a0anche la parte scientifica, dedicando al\u00a0settore un convegno di rilevanza internazionale&#8221; aggiungono gli ideatori della Fiera.<\/p>\n<p>Anche quest\u2019anno, particolare attenzione \u00e8 stata rivolta alle tematiche dell\u2019apicoltura, gli esperti del settore troveranno momenti interessanti di confronto nella realizzazione dei convegni: \u201cEffetti di dosi sub letali di tiametoxan sulla capacit\u00e0 di ritorno agli alveari delle api\u201d e &#8220;Prove preliminari di una eventuale resistenza delle api a acido ossalico&#8221;. Conclude anche una panoramica sull&#8217;andamento e prospettive del mercato del miele. Tematiche approfondite la domenica mattina nel \u201cConvegno Tecnico Internazionale in collaborazione con Aspromiele Piemonte\u201d. Da sottolineare il fatto che Montezemolo \u00e8 membro dell&#8217;Associazione Nazionale \u201cLe Citt\u00e0 del Miele\u201d di cui \u00e8 stato socio fondatore.<\/p>\n<p>Il Sindaco Robaldo unitamente alla sua Amministrazione, si dice orgoglioso del programma realizzato e proposto, anche quest\u2019anno Montezemolo si trasformer\u00e0 nella consueta \u201cvetrina\u201d che lo contraddistingue nel settore dell\u2019apicoltura, con un&#8217;appuntamento rinnovato, all\u2019insegna del \u201cBuon Compleanno Italia \u2013 L\u2019Italia dei mieli\u201d; l&#8217;obiettivo \u00e8 il 151\u00b0 anniversario dell&#8217;unit\u00e0 d&#8217;Italia che Montezemolo, la porta delle Langhe, festegger\u00e0 con gruppi folkloristici e fanfare affermate del territorio.<\/p>\n<p>&#8220;Montezemolo, in occasione della fiera, non poteva esimersi dal dedicare anche quest&#8217;anno attenzione ad un evento importante come l\u2019anniversario dell\u2019Unit\u00e0 d\u2019Italia, a tal proposito ci tengo a sottolineare &#8211; spiega il sindaco &#8211; che saranno presenti il sabato pomeriggio, Il gruppo del &#8220;Bal do Sabre di Bagnasco, e la domenica pomeriggio la fanfara dei bersaglieri di Nichelino (TO) diretta dal Luogo Tenente Francesco D&#8217;Arienzo. Ritengo che soffermarsi e continuare a riflettere sulla nostra storia e sulle nostre radici, debba farci sentire tutti pi\u00f9 orgogliosi e farci sentire pi\u00f9 vivo il senso di appartenenza, Montezemolo attraverso la fiera del miele anche quest&#8217;anno raggiunger\u00e0 nuovamente questo obiettivo&#8221;.<\/p>\n","protected":false},"excerpt":{"rendered":"<p>Il Comune di Montezemolo si prepara ad ospitare la &#8220;XXXIII Fiera Regionale del miele&#8221; che si terr\u00e0 il 6-7-8 luglio. Il programma della manifestazione \u00e8 come ogni anno ricco di iniziative: convegni, mostre stands, spettacoli, mercatini e degustazioni. &#8220;L&#8217;intuizione di alcuni amministratori comunali tenaci &#8211; spiegano gli organizzatori -, la volont\u00e0 di\u00a0tanti cittadini disposti a [&hellip;]<\/p>\n","protected":false},"author":13744,"featured_media":0,"comment_status":"open","ping_status":"closed","sticky":false,"template":"","format":"standard","meta":{"footnotes":""},"categories":[56],"tags":[5923,656,10483],"class_list":["post-220390","post","type-post","status-publish","format-standard","hentry","category-altre","tag-apicoltura","tag-miele","tag-montezemolo","post_cat_citta-andora"],"amp_validity":null,"amp_enabled":true,"_links":{"self":[{"href":"https:\/\/staging.ivg.it\/ediapi\/wp\/v2\/posts\/220390","targetHints":{"allow":["GET"]}}],"collection":[{"href":"https:\/\/staging.ivg.it\/ediapi\/wp\/v2\/posts"}],"about":[{"href":"https:\/\/staging.ivg.it\/ediapi\/wp\/v2\/types\/post"}],"author":[{"embeddable":true,"href":"https:\/\/staging.ivg.it\/ediapi\/wp\/v2\/users\/13744"}],"replies":[{"embeddable":true,"href":"https:\/\/staging.ivg.it\/ediapi\/wp\/v2\/comments?post=220390"}],"version-history":[{"count":0,"href":"https:\/\/staging.ivg.it\/ediapi\/wp\/v2\/posts\/220390\/revisions"}],"wp:attachment":[{"href":"https:\/\/staging.ivg.it\/ediapi\/wp\/v2\/media?parent=220390"}],"wp:term":[{"taxonomy":"category","embeddable":true,"href":"https:\/\/staging.ivg.it\/ediapi\/wp\/v2\/categories?post=220390"},{"taxonomy":"post_tag","embeddable":true,"href":"https:\/\/staging.ivg.it\/ediapi\/wp\/v2\/tags?post=220390"}],"curies":[{"name":"wp","href":"https:\/\/api.w.org\/{rel}","templated":true}]}}